{"id":2625,"date":"2024-10-14T10:01:01","date_gmt":"2024-10-14T13:01:01","guid":{"rendered":"https:\/\/vecinosdelinterior.com\/?p=2625"},"modified":"2024-10-14T10:01:01","modified_gmt":"2024-10-14T13:01:01","slug":"diego-semper-se-llevo-el-rally-de-tilisarao","status":"publish","type":"post","link":"https:\/\/vecinosdelinterior.com\/index.php\/2024\/10\/14\/diego-semper-se-llevo-el-rally-de-tilisarao\/","title":{"rendered":"Diego Semper se llev\u00f3 el Rally de Tilisarao"},"content":{"rendered":"\n<p>Diego Semper logr\u00f3 la victoria en la vig\u00e9sima novena edici\u00f3n del Rally de Tilisarao, competencia que se recordar\u00e1 por la calidad y cantidad de pilotos que participaron.<\/p>\n\n\n\n<p>Gast\u00f3n Past\u00e9n, como piloto invitado, rob\u00f3 el show a bordo de su Skoda Fabia. El sanjuanino, acompa\u00f1ado por el villamercedino Mat\u00edas Ramos, domin\u00f3 el rally de principio a fin y gan\u00f3 las 8 pruebas especiales disputadas. Juan Tomas Bernasconi y Juan Galdaruz, tambi\u00e9n como invitados y con autos de la clase RC2, escoltaron a Past\u00e9n.<\/p>\n\n\n\n<p>El festejo por los puntos fue para Semper, el de Chos Malal, aprovechando los retrasos de Federico Bassi y Cristian Gonz\u00e1lez, logr\u00f3 una victoria por la general del provincial y se llev\u00f3 todo en la clase A. El neuquino demostr\u00f3 su regularidad y consistencia, empleando un tiempo de 57 minutos, 13 segundos y una d\u00e9cima para los casi 100 kil\u00f3metros cronometrados.<\/p>\n\n\n\n<p>\u201cFue un gran fin de semana, pude redondear un buen ritmo y siempre nos mantuvimos en los tiempos de punta. Quiero agradecerle al equipo y a mi familia que siempre me acompa\u00f1a\u201d, sentenci\u00f3 el neuquino.<\/p>\n\n\n\n<p>Luis Garc\u00eda, con su segundo puesto en la general y en la divisional mayor volvi\u00f3 al tope de las posiciones.<\/p>\n\n\n\n<p>La tercera colocaci\u00f3n fue para Feliciano De La Mota, el puntano adem\u00e1s gan\u00f3 la clase RC5.<\/p>\n\n\n\n<p>El mendocino Lucas Riveros, con su quinto puesto, fue el vencedor de la N6. Mientras que Federico Arito, noveno en el absoluto, triunf\u00f3 en la N2 Std.<\/p>\n\n\n\n<p>La pr\u00f3xima fecha, el primer fin de semana de noviembre, aun no tiene sede definida.<\/p>\n\n\n\n<p>Clasificaci\u00f3n Provincial<\/p>\n\n\n\n<p>1 66 Diego Semper &#8211; Pedro Semper A 1 57&#8217;13\u00bb1<br>2 6 Luis Garc\u00eda &#8211; Mat\u00edas Varas A 2 +27\u00bb3<br>3 23 Feliciano De La Mota &#8211; Rodrigo Raimonde Rc5 1 +01&#8217;57\u00bb5<br>4 65 Servando Etchepare &#8211; Nicol\u00e1s Moran A 3 +02&#8217;36\u00bb6<br>5 17 Lucas Riveros &#8211; Daniel Brega N6 1 +02&#8217;48\u00bb10<br>6 16 Pascual Celdr\u00e1n &#8211; Julio Herrero N6 2 +03&#8217;08\u00bb1<br>7 24 Alejandro Rumie &#8211; Maximiliano Rumie Rc5 2 +03&#8217;19\u00bb4<br>8 15 Mario G\u00f3mez &#8211; Andr\u00e9s Gerez N6 3 +03&#8217;52\u00bb6<br>9 30 Federico Arito &#8211; Franco Arito N2 Std 1 +04&#8217;29\u00bb2<br>10 31 Walter Escudero &#8211; Ignacio Perdomenico N2 Std 2 +04&#8217;45\u00bb2<\/p>\n\n\n\n<p>EDDLR<\/p>\n","protected":false},"excerpt":{"rendered":"<p>Diego Semper logr\u00f3 la victoria en la vig\u00e9sima novena edici\u00f3n del Rally de Tilisarao, competencia que se recordar\u00e1 por la calidad y cantidad de pilotos que participaron. Gast\u00f3n Past\u00e9n, como piloto invitado, rob\u00f3 el show a bordo de su Skoda Fabia. El sanjuanino, acompa\u00f1ado por el villamercedino Mat\u00edas Ramos, domin\u00f3 el rally de principio a [&hellip;]<\/p>\n","protected":false},"author":1,"featured_media":2626,"comment_status":"open","ping_status":"open","sticky":false,"template":"","format":"standard","meta":{"footnotes":""},"categories":[29,30],"tags":[391,190],"class_list":["post-2625","post","type-post","status-publish","format-standard","has-post-thumbnail","hentry","category-chacabuco","category-tilisarao","tag-eventos","tag-rally"],"_links":{"self":[{"href":"https:\/\/vecinosdelinterior.com\/index.php\/wp-json\/wp\/v2\/posts\/2625","targetHints":{"allow":["GET"]}}],"collection":[{"href":"https:\/\/vecinosdelinterior.com\/index.php\/wp-json\/wp\/v2\/posts"}],"about":[{"href":"https:\/\/vecinosdelinterior.com\/index.php\/wp-json\/wp\/v2\/types\/post"}],"author":[{"embeddable":true,"href":"https:\/\/vecinosdelinterior.com\/index.php\/wp-json\/wp\/v2\/users\/1"}],"replies":[{"embeddable":true,"href":"https:\/\/vecinosdelinterior.com\/index.php\/wp-json\/wp\/v2\/comments?post=2625"}],"version-history":[{"count":1,"href":"https:\/\/vecinosdelinterior.com\/index.php\/wp-json\/wp\/v2\/posts\/2625\/revisions"}],"predecessor-version":[{"id":2627,"href":"https:\/\/vecinosdelinterior.com\/index.php\/wp-json\/wp\/v2\/posts\/2625\/revisions\/2627"}],"wp:featuredmedia":[{"embeddable":true,"href":"https:\/\/vecinosdelinterior.com\/index.php\/wp-json\/wp\/v2\/media\/2626"}],"wp:attachment":[{"href":"https:\/\/vecinosdelinterior.com\/index.php\/wp-json\/wp\/v2\/media?parent=2625"}],"wp:term":[{"taxonomy":"category","embeddable":true,"href":"https:\/\/vecinosdelinterior.com\/index.php\/wp-json\/wp\/v2\/categories?post=2625"},{"taxonomy":"post_tag","embeddable":true,"href":"https:\/\/vecinosdelinterior.com\/index.php\/wp-json\/wp\/v2\/tags?post=2625"}],"curies":[{"name":"wp","href":"https:\/\/api.w.org\/{rel}","templated":true}]}}