{"id":2638,"date":"2024-10-15T14:46:04","date_gmt":"2024-10-15T17:46:04","guid":{"rendered":"https:\/\/vecinosdelinterior.com\/?p=2638"},"modified":"2024-10-15T14:46:04","modified_gmt":"2024-10-15T17:46:04","slug":"nuevo-horario-del-transporte-que-hace-el-corredor-de-san-luis-a-san-geronimo-y-la-calera","status":"publish","type":"post","link":"https:\/\/vecinosdelinterior.com\/index.php\/2024\/10\/15\/nuevo-horario-del-transporte-que-hace-el-corredor-de-san-luis-a-san-geronimo-y-la-calera\/","title":{"rendered":"Nuevo horario del transporte que hace el corredor de San Luis a San Ger\u00f3nimo y La Calera"},"content":{"rendered":"\n<p><\/p>\n\n\n\n<p>A partir del mi\u00e9rcoles 16 de octubre entrar\u00e1 en vigencia un servicio vespertino, con salidas regulares desde la EDIRO a trav\u00e9s de la empresa \u2018Roberto Ojeda\u2019.<\/p>\n\n\n\n<p>Desde la direcci\u00f3n de Transporte se difundieron nuevos horarios.<br>El horario de la ma\u00f1ana estaba previamente definido y a partir de este mi\u00e9rcoles se implementar\u00e1 un nuevo horario vespertino que tiene como objetivo optimizar el servicio y necesidades de los usuarios de la regi\u00f3n.<\/p>\n\n\n\n<p>La frecuencia del servicio ser\u00e1 los lunes, mi\u00e9rcoles y viernes, con salidas desde la EDIRO en los siguientes horarios:<\/p>\n\n\n\n<p>San Luis: 06:00 \u2013 18:30.<\/p>\n\n\n\n<p>San Ger\u00f3nimo: 06:40 \u2013 19:10.<\/p>\n\n\n\n<p>La Calera: 07:10 \u2013 19:30 (incluye parada en el ingreso de la f\u00e1brica de Cementos Avellaneda).<\/p>\n\n\n\n<p>En cuanto a los regresos hacia la EDIRO, se establecen los siguientes horarios:<\/p>\n\n\n\n<p>La Calera: 07:30 \u2013 19:40 (tambi\u00e9n hace parada en el ingreso de la f\u00e1brica de Cementos Avellaneda).<\/p>\n\n\n\n<p>San Ger\u00f3nimo: 08:00 \u2013 20:10.<\/p>\n\n\n\n<p>San Luis (EDIRO): 20:40.<\/p>\n\n\n\n<p>Respecto a los precios de los boletos, estos son de $4.800 para el trayecto de San Luis a La Calera, $3.000 de San Luis a San Ger\u00f3nimo, y $3.100 de San Ger\u00f3nimo a La Calera.<\/p>\n\n\n\n<p>La direcci\u00f3n de Transporte ha implementado este nuevo horario de tarde con el objetivo de brindar m\u00e1s horarios para que los usuarios puedan viajar.<\/p>\n","protected":false},"excerpt":{"rendered":"<p>A partir del mi\u00e9rcoles 16 de octubre entrar\u00e1 en vigencia un servicio vespertino, con salidas regulares desde la EDIRO a trav\u00e9s de la empresa \u2018Roberto Ojeda\u2019. Desde la direcci\u00f3n de Transporte se difundieron nuevos horarios.El horario de la ma\u00f1ana estaba previamente definido y a partir de este mi\u00e9rcoles se implementar\u00e1 un nuevo horario vespertino que [&hellip;]<\/p>\n","protected":false},"author":1,"featured_media":2639,"comment_status":"open","ping_status":"open","sticky":false,"template":"","format":"standard","meta":{"footnotes":""},"categories":[92,294],"tags":[],"class_list":["post-2638","post","type-post","status-publish","format-standard","has-post-thumbnail","hentry","category-belgrano","category-la-calera"],"_links":{"self":[{"href":"https:\/\/vecinosdelinterior.com\/index.php\/wp-json\/wp\/v2\/posts\/2638","targetHints":{"allow":["GET"]}}],"collection":[{"href":"https:\/\/vecinosdelinterior.com\/index.php\/wp-json\/wp\/v2\/posts"}],"about":[{"href":"https:\/\/vecinosdelinterior.com\/index.php\/wp-json\/wp\/v2\/types\/post"}],"author":[{"embeddable":true,"href":"https:\/\/vecinosdelinterior.com\/index.php\/wp-json\/wp\/v2\/users\/1"}],"replies":[{"embeddable":true,"href":"https:\/\/vecinosdelinterior.com\/index.php\/wp-json\/wp\/v2\/comments?post=2638"}],"version-history":[{"count":1,"href":"https:\/\/vecinosdelinterior.com\/index.php\/wp-json\/wp\/v2\/posts\/2638\/revisions"}],"predecessor-version":[{"id":2640,"href":"https:\/\/vecinosdelinterior.com\/index.php\/wp-json\/wp\/v2\/posts\/2638\/revisions\/2640"}],"wp:featuredmedia":[{"embeddable":true,"href":"https:\/\/vecinosdelinterior.com\/index.php\/wp-json\/wp\/v2\/media\/2639"}],"wp:attachment":[{"href":"https:\/\/vecinosdelinterior.com\/index.php\/wp-json\/wp\/v2\/media?parent=2638"}],"wp:term":[{"taxonomy":"category","embeddable":true,"href":"https:\/\/vecinosdelinterior.com\/index.php\/wp-json\/wp\/v2\/categories?post=2638"},{"taxonomy":"post_tag","embeddable":true,"href":"https:\/\/vecinosdelinterior.com\/index.php\/wp-json\/wp\/v2\/tags?post=2638"}],"curies":[{"name":"wp","href":"https:\/\/api.w.org\/{rel}","templated":true}]}}