{"id":2662,"date":"2024-10-18T12:28:57","date_gmt":"2024-10-18T15:28:57","guid":{"rendered":"https:\/\/vecinosdelinterior.com\/?p=2662"},"modified":"2024-10-18T12:28:58","modified_gmt":"2024-10-18T15:28:58","slug":"cortaderas-se-prepara-para-varios-eventos","status":"publish","type":"post","link":"https:\/\/vecinosdelinterior.com\/index.php\/2024\/10\/18\/cortaderas-se-prepara-para-varios-eventos\/","title":{"rendered":"Cortaderas se prepara para varios eventos"},"content":{"rendered":"\n<p>VECINOSDELINTERIOR.COM \/18 de octubre<br>Por un lado la \ud835\udfed\ud835\udff4\u00b0 \ud835\uddd9\ud835\uddf6\ud835\uddf2\ud835\ude00\ud835\ude01\ud835\uddee \ud835\uddf1\ud835\uddf2\ud835\uddf9 \ud835\uddf0\ud835\uddee\ud835\uddef\ud835\uddee\ud835\uddf9\ud835\uddf9\ud835\uddfc \ud835\ude06 \ud835\uddf9\ud835\uddee \ud835\ude01\ud835\uddff\ud835\uddee\ud835\uddf1\ud835\uddf6\ud835\uddf0\ud835\uddf6\u00f3\ud835\uddfb \u00ab\ud835\udde3\ud835\uddee\u00b4 \ud835\uddf0\ud835\uddfc\ud835\uddfb\ud835\ude00\ud835\uddf2\ud835\uddff\ud835\ude03\ud835\uddee\ud835\uddff \ud835\uddf9\ud835\uddfc \ud835\uddfb\ud835\ude02\ud835\uddf2\ud835\ude00\ud835\ude01\ud835\uddff\ud835\uddfc\u00bb! que ser\u00e1 el pr\u00f3ximo 10 de noviembre con jineteada y desfile gaucho e importantes premios.<br>En lo m\u00e1s inmediato, se viene el festejo por el D\u00eda de la Madre, este domingo 20 a partir de las 18 hs<br>Y finalmente el circo tambi\u00e9n estar\u00e1 presente con varias funciones durante todo el fin de semana.<br>Mir\u00e1 horarios y lugares de encuentro en las siguientes im\u00e1genes:<\/p>\n\n\n\n<figure class=\"wp-block-gallery has-nested-images columns-default is-cropped wp-block-gallery-1 is-layout-flex wp-block-gallery-is-layout-flex\">\n<figure class=\"wp-block-image size-large\"><img fetchpriority=\"high\" decoding=\"async\" width=\"1024\" height=\"1024\" data-id=\"2664\" src=\"https:\/\/vecinosdelinterior.com\/wp-content\/uploads\/2024\/10\/463415997_955163556644975_646036430518039018_n-1024x1024.jpg\" alt=\"\" class=\"wp-image-2664\" srcset=\"https:\/\/vecinosdelinterior.com\/wp-content\/uploads\/2024\/10\/463415997_955163556644975_646036430518039018_n-1024x1024.jpg 1024w, https:\/\/vecinosdelinterior.com\/wp-content\/uploads\/2024\/10\/463415997_955163556644975_646036430518039018_n-300x300.jpg 300w, https:\/\/vecinosdelinterior.com\/wp-content\/uploads\/2024\/10\/463415997_955163556644975_646036430518039018_n-150x150.jpg 150w, https:\/\/vecinosdelinterior.com\/wp-content\/uploads\/2024\/10\/463415997_955163556644975_646036430518039018_n-768x768.jpg 768w, https:\/\/vecinosdelinterior.com\/wp-content\/uploads\/2024\/10\/463415997_955163556644975_646036430518039018_n-75x75.jpg 75w, https:\/\/vecinosdelinterior.com\/wp-content\/uploads\/2024\/10\/463415997_955163556644975_646036430518039018_n-750x750.jpg 750w, https:\/\/vecinosdelinterior.com\/wp-content\/uploads\/2024\/10\/463415997_955163556644975_646036430518039018_n.jpg 1080w\" sizes=\"(max-width: 1024px) 100vw, 1024px\" \/><\/figure>\n\n\n\n<figure class=\"wp-block-image size-large\"><img decoding=\"async\" width=\"1024\" height=\"1024\" data-id=\"2663\" src=\"https:\/\/vecinosdelinterior.com\/wp-content\/uploads\/2024\/10\/463019669_122172121856147895_3301223904568290373_n-1024x1024.jpg\" alt=\"\" class=\"wp-image-2663\" srcset=\"https:\/\/vecinosdelinterior.com\/wp-content\/uploads\/2024\/10\/463019669_122172121856147895_3301223904568290373_n-1024x1024.jpg 1024w, https:\/\/vecinosdelinterior.com\/wp-content\/uploads\/2024\/10\/463019669_122172121856147895_3301223904568290373_n-300x300.jpg 300w, https:\/\/vecinosdelinterior.com\/wp-content\/uploads\/2024\/10\/463019669_122172121856147895_3301223904568290373_n-150x150.jpg 150w, https:\/\/vecinosdelinterior.com\/wp-content\/uploads\/2024\/10\/463019669_122172121856147895_3301223904568290373_n-768x768.jpg 768w, https:\/\/vecinosdelinterior.com\/wp-content\/uploads\/2024\/10\/463019669_122172121856147895_3301223904568290373_n-75x75.jpg 75w, https:\/\/vecinosdelinterior.com\/wp-content\/uploads\/2024\/10\/463019669_122172121856147895_3301223904568290373_n-750x750.jpg 750w, https:\/\/vecinosdelinterior.com\/wp-content\/uploads\/2024\/10\/463019669_122172121856147895_3301223904568290373_n.jpg 1080w\" sizes=\"(max-width: 1024px) 100vw, 1024px\" \/><\/figure>\n\n\n\n<figure class=\"wp-block-image size-large\"><img decoding=\"async\" width=\"1024\" height=\"1024\" data-id=\"2665\" src=\"https:\/\/vecinosdelinterior.com\/wp-content\/uploads\/2024\/10\/463774420_122172250418147895_7232507969779275823_n-1024x1024.jpg\" alt=\"\" class=\"wp-image-2665\" srcset=\"https:\/\/vecinosdelinterior.com\/wp-content\/uploads\/2024\/10\/463774420_122172250418147895_7232507969779275823_n-1024x1024.jpg 1024w, https:\/\/vecinosdelinterior.com\/wp-content\/uploads\/2024\/10\/463774420_122172250418147895_7232507969779275823_n-300x300.jpg 300w, https:\/\/vecinosdelinterior.com\/wp-content\/uploads\/2024\/10\/463774420_122172250418147895_7232507969779275823_n-150x150.jpg 150w, https:\/\/vecinosdelinterior.com\/wp-content\/uploads\/2024\/10\/463774420_122172250418147895_7232507969779275823_n-768x768.jpg 768w, https:\/\/vecinosdelinterior.com\/wp-content\/uploads\/2024\/10\/463774420_122172250418147895_7232507969779275823_n-75x75.jpg 75w, https:\/\/vecinosdelinterior.com\/wp-content\/uploads\/2024\/10\/463774420_122172250418147895_7232507969779275823_n-750x750.jpg 750w, https:\/\/vecinosdelinterior.com\/wp-content\/uploads\/2024\/10\/463774420_122172250418147895_7232507969779275823_n.jpg 1080w\" sizes=\"(max-width: 1024px) 100vw, 1024px\" \/><\/figure>\n<\/figure>\n","protected":false},"excerpt":{"rendered":"<p>VECINOSDELINTERIOR.COM \/18 de octubrePor un lado la \ud835\udfed\ud835\udff4\u00b0 \ud835\uddd9\ud835\uddf6\ud835\uddf2\ud835\ude00\ud835\ude01\ud835\uddee \ud835\uddf1\ud835\uddf2\ud835\uddf9 \ud835\uddf0\ud835\uddee\ud835\uddef\ud835\uddee\ud835\uddf9\ud835\uddf9\ud835\uddfc \ud835\ude06 \ud835\uddf9\ud835\uddee \ud835\ude01\ud835\uddff\ud835\uddee\ud835\uddf1\ud835\uddf6\ud835\uddf0\ud835\uddf6\u00f3\ud835\uddfb \u00ab\ud835\udde3\ud835\uddee\u00b4 \ud835\uddf0\ud835\uddfc\ud835\uddfb\ud835\ude00\ud835\uddf2\ud835\uddff\ud835\ude03\ud835\uddee\ud835\uddff \ud835\uddf9\ud835\uddfc \ud835\uddfb\ud835\ude02\ud835\uddf2\ud835\ude00\ud835\ude01\ud835\uddff\ud835\uddfc\u00bb! que ser\u00e1 el pr\u00f3ximo 10 de noviembre con jineteada y desfile gaucho e importantes premios.En lo m\u00e1s inmediato, se viene el festejo por el D\u00eda de la Madre, este domingo 20 a partir de las 18 hsY [&hellip;]<\/p>\n","protected":false},"author":1,"featured_media":2666,"comment_status":"open","ping_status":"open","sticky":false,"template":"","format":"standard","meta":{"footnotes":""},"categories":[29,275],"tags":[391,175],"class_list":["post-2662","post","type-post","status-publish","format-standard","has-post-thumbnail","hentry","category-chacabuco","category-cortaderas","tag-eventos","tag-turismo"],"_links":{"self":[{"href":"https:\/\/vecinosdelinterior.com\/index.php\/wp-json\/wp\/v2\/posts\/2662","targetHints":{"allow":["GET"]}}],"collection":[{"href":"https:\/\/vecinosdelinterior.com\/index.php\/wp-json\/wp\/v2\/posts"}],"about":[{"href":"https:\/\/vecinosdelinterior.com\/index.php\/wp-json\/wp\/v2\/types\/post"}],"author":[{"embeddable":true,"href":"https:\/\/vecinosdelinterior.com\/index.php\/wp-json\/wp\/v2\/users\/1"}],"replies":[{"embeddable":true,"href":"https:\/\/vecinosdelinterior.com\/index.php\/wp-json\/wp\/v2\/comments?post=2662"}],"version-history":[{"count":1,"href":"https:\/\/vecinosdelinterior.com\/index.php\/wp-json\/wp\/v2\/posts\/2662\/revisions"}],"predecessor-version":[{"id":2667,"href":"https:\/\/vecinosdelinterior.com\/index.php\/wp-json\/wp\/v2\/posts\/2662\/revisions\/2667"}],"wp:featuredmedia":[{"embeddable":true,"href":"https:\/\/vecinosdelinterior.com\/index.php\/wp-json\/wp\/v2\/media\/2666"}],"wp:attachment":[{"href":"https:\/\/vecinosdelinterior.com\/index.php\/wp-json\/wp\/v2\/media?parent=2662"}],"wp:term":[{"taxonomy":"category","embeddable":true,"href":"https:\/\/vecinosdelinterior.com\/index.php\/wp-json\/wp\/v2\/categories?post=2662"},{"taxonomy":"post_tag","embeddable":true,"href":"https:\/\/vecinosdelinterior.com\/index.php\/wp-json\/wp\/v2\/tags?post=2662"}],"curies":[{"name":"wp","href":"https:\/\/api.w.org\/{rel}","templated":true}]}}