{"id":268,"date":"2023-08-11T13:18:27","date_gmt":"2023-08-11T16:18:27","guid":{"rendered":"https:\/\/vecinosdelinterior.com\/?p=268"},"modified":"2023-08-11T13:18:28","modified_gmt":"2023-08-11T16:18:28","slug":"la-autopista-de-la-informacion-amplio-la-red-de-fibra-optica-en-el-interior","status":"publish","type":"post","link":"https:\/\/vecinosdelinterior.com\/index.php\/2023\/08\/11\/la-autopista-de-la-informacion-amplio-la-red-de-fibra-optica-en-el-interior\/","title":{"rendered":"La Autopista de la Informaci\u00f3n ampli\u00f3 la red de fibra \u00f3ptica en el interior"},"content":{"rendered":"\n<p>Se trata de 51 nuevos kil\u00f3metros de tendido, que alcanzan las localidades y parajes de Navia, La Cumbre, La Florida, La Totora y Liborio Luna con el objetivo de mejorar el ancho de banda en las conexiones.<\/p>\n\n\n\n<figure class=\"wp-block-image size-large\"><img fetchpriority=\"high\" decoding=\"async\" width=\"1024\" height=\"576\" src=\"https:\/\/vecinosdelinterior.com\/wp-content\/uploads\/2023\/08\/IMG_0798-1024x576.jpg\" alt=\"\" class=\"wp-image-269\" srcset=\"https:\/\/vecinosdelinterior.com\/wp-content\/uploads\/2023\/08\/IMG_0798-1024x576.jpg 1024w, https:\/\/vecinosdelinterior.com\/wp-content\/uploads\/2023\/08\/IMG_0798-300x169.jpg 300w, https:\/\/vecinosdelinterior.com\/wp-content\/uploads\/2023\/08\/IMG_0798-768x432.jpg 768w, https:\/\/vecinosdelinterior.com\/wp-content\/uploads\/2023\/08\/IMG_0798-1536x864.jpg 1536w, https:\/\/vecinosdelinterior.com\/wp-content\/uploads\/2023\/08\/IMG_0798.jpg 1600w\" sizes=\"(max-width: 1024px) 100vw, 1024px\" \/><\/figure>\n\n\n\n<p>En las \u00faltimas semanas se fueron completando distintas ampliaciones de la red de fibra \u00f3ptica provincial, con el fin de dotar de mayor ancho de banda a las conexiones en distintas localidades y parajes. El director de la Autopista de la Informaci\u00f3n, Franco Videla, se\u00f1al\u00f3 que en el caso de Navia \u201cya se complet\u00f3 la obra de fibra desde Nahuel Mapa, con un tendido de 41 km, y antes del fin de semana se har\u00e1 la correspondiente activaci\u00f3n\u201d.<\/p>\n\n\n\n<p>En los casos de La Totora y Liborio Luna se lleg\u00f3 con el tendido de fibra hasta las respectivas escuelas. \u201cEsto no s\u00f3lo mejora la conectividad en los establecimientos sino de todas las antenas de la zona, que est\u00e1n interconectadas\u201d, detall\u00f3 Videla.<\/p>\n\n\n\n<p>Adem\u00e1s las localidades de La Cumbre y La Florida tambi\u00e9n fueron conectadas a trav\u00e9s de Fibra \u00d3ptica. \u201cEn el caso de La Cumbre se lleg\u00f3 hasta el Nodo, y la Florida se conect\u00f3 con un nuevo tendido de 8 km, que llega desde el Trapiche, y permite la conexi\u00f3n de todas las antenas de wifi de la localidad a trav\u00e9s de fibra\u201d, indic\u00f3 Videla.<\/p>\n","protected":false},"excerpt":{"rendered":"<p>Se trata de 51 nuevos kil\u00f3metros de tendido, que alcanzan las localidades y parajes de Navia, La Cumbre, La Florida, La Totora y Liborio Luna con el objetivo de mejorar el ancho de banda en las conexiones. En las \u00faltimas semanas se fueron completando distintas ampliaciones de la red de fibra \u00f3ptica provincial, con el [&hellip;]<\/p>\n","protected":false},"author":1,"featured_media":269,"comment_status":"open","ping_status":"open","sticky":false,"template":"","format":"standard","meta":{"footnotes":""},"categories":[1],"tags":[121,122],"class_list":["post-268","post","type-post","status-publish","format-standard","has-post-thumbnail","hentry","category-blog","tag-fibra-optica","tag-internet"],"_links":{"self":[{"href":"https:\/\/vecinosdelinterior.com\/index.php\/wp-json\/wp\/v2\/posts\/268","targetHints":{"allow":["GET"]}}],"collection":[{"href":"https:\/\/vecinosdelinterior.com\/index.php\/wp-json\/wp\/v2\/posts"}],"about":[{"href":"https:\/\/vecinosdelinterior.com\/index.php\/wp-json\/wp\/v2\/types\/post"}],"author":[{"embeddable":true,"href":"https:\/\/vecinosdelinterior.com\/index.php\/wp-json\/wp\/v2\/users\/1"}],"replies":[{"embeddable":true,"href":"https:\/\/vecinosdelinterior.com\/index.php\/wp-json\/wp\/v2\/comments?post=268"}],"version-history":[{"count":1,"href":"https:\/\/vecinosdelinterior.com\/index.php\/wp-json\/wp\/v2\/posts\/268\/revisions"}],"predecessor-version":[{"id":270,"href":"https:\/\/vecinosdelinterior.com\/index.php\/wp-json\/wp\/v2\/posts\/268\/revisions\/270"}],"wp:featuredmedia":[{"embeddable":true,"href":"https:\/\/vecinosdelinterior.com\/index.php\/wp-json\/wp\/v2\/media\/269"}],"wp:attachment":[{"href":"https:\/\/vecinosdelinterior.com\/index.php\/wp-json\/wp\/v2\/media?parent=268"}],"wp:term":[{"taxonomy":"category","embeddable":true,"href":"https:\/\/vecinosdelinterior.com\/index.php\/wp-json\/wp\/v2\/categories?post=268"},{"taxonomy":"post_tag","embeddable":true,"href":"https:\/\/vecinosdelinterior.com\/index.php\/wp-json\/wp\/v2\/tags?post=268"}],"curies":[{"name":"wp","href":"https:\/\/api.w.org\/{rel}","templated":true}]}}