{"id":2696,"date":"2024-10-21T14:39:53","date_gmt":"2024-10-21T17:39:53","guid":{"rendered":"https:\/\/vecinosdelinterior.com\/?p=2696"},"modified":"2024-10-21T14:39:53","modified_gmt":"2024-10-21T17:39:53","slug":"la-toma-recibira-la-penultima-fecha-del-ano-del-rally-provincial","status":"publish","type":"post","link":"https:\/\/vecinosdelinterior.com\/index.php\/2024\/10\/21\/la-toma-recibira-la-penultima-fecha-del-ano-del-rally-provincial\/","title":{"rendered":"La Toma recibir\u00e1 la pen\u00faltima fecha del a\u00f1o del Rally provincial"},"content":{"rendered":"\n<p>La Federaci\u00f3n Regional confirm\u00f3 que el Rally Provincial disputar\u00e1 su pr\u00f3xima competencia en La Toma, del 15 al 17 de noviembre. Esta ser\u00e1 la pen\u00faltima fecha del campeonato.<\/p>\n\n\n\n<p>Los tradicionales tramos de Bebida de las Vacas, Los Filtros, El Morro y Guanaco Pampa ser\u00e1n los escenarios de esta emocionante fecha. Estos recorridos son considerados algunos de los m\u00e1s exigentes y deseados por los pilotos debido a sus caracter\u00edsticas t\u00e9cnicas y desafiantes.<\/p>\n\n\n\n<p>En la \u00faltima edici\u00f3n, la trig\u00e9sima cuarta en la historia, Miguel Baldoni se coron\u00f3 ganador y campe\u00f3n provincial ya que fue el Gran Premio Coronaci\u00f3n. Ahora, los pilotos locales se preparan para enfrentarse en los tramos de La Toma, buscando puntos valiosos para la clasificaci\u00f3n final.<\/p>\n\n\n\n<p>\u00abLa Toma es un lugar emblem\u00e1tico para el rally sanluise\u00f1o\u00bb, expres\u00f3 Federico Gil, integrante de la Federaci\u00f3n. \u00abLos pilotos encontrar\u00e1n los cl\u00e1sicos tramos de monta\u00f1a y un dibujo compacto como nos tiene acostumbrados La Toma\u00bb.<\/p>\n","protected":false},"excerpt":{"rendered":"<p>La Federaci\u00f3n Regional confirm\u00f3 que el Rally Provincial disputar\u00e1 su pr\u00f3xima competencia en La Toma, del 15 al 17 de noviembre. Esta ser\u00e1 la pen\u00faltima fecha del campeonato. Los tradicionales tramos de Bebida de las Vacas, Los Filtros, El Morro y Guanaco Pampa ser\u00e1n los escenarios de esta emocionante fecha. Estos recorridos son considerados algunos [&hellip;]<\/p>\n","protected":false},"author":1,"featured_media":2697,"comment_status":"open","ping_status":"open","sticky":false,"template":"","format":"standard","meta":{"footnotes":""},"categories":[3,2],"tags":[447,391],"class_list":["post-2696","post","type-post","status-publish","format-standard","has-post-thumbnail","hentry","category-la-toma","category-pringles","tag-deportes","tag-eventos"],"_links":{"self":[{"href":"https:\/\/vecinosdelinterior.com\/index.php\/wp-json\/wp\/v2\/posts\/2696","targetHints":{"allow":["GET"]}}],"collection":[{"href":"https:\/\/vecinosdelinterior.com\/index.php\/wp-json\/wp\/v2\/posts"}],"about":[{"href":"https:\/\/vecinosdelinterior.com\/index.php\/wp-json\/wp\/v2\/types\/post"}],"author":[{"embeddable":true,"href":"https:\/\/vecinosdelinterior.com\/index.php\/wp-json\/wp\/v2\/users\/1"}],"replies":[{"embeddable":true,"href":"https:\/\/vecinosdelinterior.com\/index.php\/wp-json\/wp\/v2\/comments?post=2696"}],"version-history":[{"count":1,"href":"https:\/\/vecinosdelinterior.com\/index.php\/wp-json\/wp\/v2\/posts\/2696\/revisions"}],"predecessor-version":[{"id":2698,"href":"https:\/\/vecinosdelinterior.com\/index.php\/wp-json\/wp\/v2\/posts\/2696\/revisions\/2698"}],"wp:featuredmedia":[{"embeddable":true,"href":"https:\/\/vecinosdelinterior.com\/index.php\/wp-json\/wp\/v2\/media\/2697"}],"wp:attachment":[{"href":"https:\/\/vecinosdelinterior.com\/index.php\/wp-json\/wp\/v2\/media?parent=2696"}],"wp:term":[{"taxonomy":"category","embeddable":true,"href":"https:\/\/vecinosdelinterior.com\/index.php\/wp-json\/wp\/v2\/categories?post=2696"},{"taxonomy":"post_tag","embeddable":true,"href":"https:\/\/vecinosdelinterior.com\/index.php\/wp-json\/wp\/v2\/tags?post=2696"}],"curies":[{"name":"wp","href":"https:\/\/api.w.org\/{rel}","templated":true}]}}