{"id":2705,"date":"2024-10-22T18:43:00","date_gmt":"2024-10-22T21:43:00","guid":{"rendered":"https:\/\/vecinosdelinterior.com\/?p=2705"},"modified":"2024-10-22T18:45:09","modified_gmt":"2024-10-22T21:45:09","slug":"reprogramaron-la-limpieza-en-el-azud-de-renca","status":"publish","type":"post","link":"https:\/\/vecinosdelinterior.com\/index.php\/2024\/10\/22\/reprogramaron-la-limpieza-en-el-azud-de-renca\/","title":{"rendered":"Reprogramaron la limpieza en el azud de Renca"},"content":{"rendered":"\n<p><\/p>\n\n\n\n<p>Por la inestabilidad en el clima se pasaron los trabajos para la semana entrante, cuando se espera que se estabilice la condici\u00f3n clim\u00e1tica. El abastecimiento de agua cruda a las localidades de Tilisarao, Renca y Santa Rosa se normalizar\u00e1 en el transcurso del d\u00eda.<\/p>\n\n\n\n<p>Debido a las inclemencias del tiempo, la limpieza del azud de Renca se reprogram\u00f3 para la semana que viene.<br>San Luis Agua informa que por cuestiones clim\u00e1ticas se reprogramaron los trabajos de limpieza sobre el azud de Renca. Este se iba a desarrollar este martes, pero por cuestiones de seguridad debido a las precipitaciones en el d\u00eda, no se dieron las garant\u00edas para realizar los trabajos.<\/p>\n\n\n\n<p>La limpieza se reprogram\u00f3 para la semana que viene cuando las condiciones clim\u00e1ticas mejoren y se pueda garantizar la seguridad a los operarios de la maquinaria para operar dentro del reservorio de agua.<\/p>\n","protected":false},"excerpt":{"rendered":"<p>Por la inestabilidad en el clima se pasaron los trabajos para la semana entrante, cuando se espera que se estabilice la condici\u00f3n clim\u00e1tica. El abastecimiento de agua cruda a las localidades de Tilisarao, Renca y Santa Rosa se normalizar\u00e1 en el transcurso del d\u00eda. Debido a las inclemencias del tiempo, la limpieza del azud de [&hellip;]<\/p>\n","protected":false},"author":1,"featured_media":2706,"comment_status":"open","ping_status":"open","sticky":false,"template":"","format":"standard","meta":{"footnotes":""},"categories":[29,220],"tags":[],"class_list":["post-2705","post","type-post","status-publish","format-standard","has-post-thumbnail","hentry","category-chacabuco","category-renca"],"_links":{"self":[{"href":"https:\/\/vecinosdelinterior.com\/index.php\/wp-json\/wp\/v2\/posts\/2705","targetHints":{"allow":["GET"]}}],"collection":[{"href":"https:\/\/vecinosdelinterior.com\/index.php\/wp-json\/wp\/v2\/posts"}],"about":[{"href":"https:\/\/vecinosdelinterior.com\/index.php\/wp-json\/wp\/v2\/types\/post"}],"author":[{"embeddable":true,"href":"https:\/\/vecinosdelinterior.com\/index.php\/wp-json\/wp\/v2\/users\/1"}],"replies":[{"embeddable":true,"href":"https:\/\/vecinosdelinterior.com\/index.php\/wp-json\/wp\/v2\/comments?post=2705"}],"version-history":[{"count":1,"href":"https:\/\/vecinosdelinterior.com\/index.php\/wp-json\/wp\/v2\/posts\/2705\/revisions"}],"predecessor-version":[{"id":2707,"href":"https:\/\/vecinosdelinterior.com\/index.php\/wp-json\/wp\/v2\/posts\/2705\/revisions\/2707"}],"wp:featuredmedia":[{"embeddable":true,"href":"https:\/\/vecinosdelinterior.com\/index.php\/wp-json\/wp\/v2\/media\/2706"}],"wp:attachment":[{"href":"https:\/\/vecinosdelinterior.com\/index.php\/wp-json\/wp\/v2\/media?parent=2705"}],"wp:term":[{"taxonomy":"category","embeddable":true,"href":"https:\/\/vecinosdelinterior.com\/index.php\/wp-json\/wp\/v2\/categories?post=2705"},{"taxonomy":"post_tag","embeddable":true,"href":"https:\/\/vecinosdelinterior.com\/index.php\/wp-json\/wp\/v2\/tags?post=2705"}],"curies":[{"name":"wp","href":"https:\/\/api.w.org\/{rel}","templated":true}]}}