{"id":272,"date":"2023-08-12T13:13:01","date_gmt":"2023-08-12T16:13:01","guid":{"rendered":"https:\/\/vecinosdelinterior.com\/?p=272"},"modified":"2023-08-12T13:13:01","modified_gmt":"2023-08-12T16:13:01","slug":"merlo-un-hombre-fue-enviado-a-la-carcel-por-droga","status":"publish","type":"post","link":"https:\/\/vecinosdelinterior.com\/index.php\/2023\/08\/12\/merlo-un-hombre-fue-enviado-a-la-carcel-por-droga\/","title":{"rendered":"Merlo: un hombre fue enviado a la c\u00e1rcel por droga"},"content":{"rendered":"\n<p><\/p>\n\n\n\n<p>Emanuel Martin Rossi, de 34 a\u00f1os de edad, fue trasladado este viernes 11 de agosto al Servicio Penitenciario Provincial San Luis.<\/p>\n\n\n\n<p>La medida judicial la orden\u00f3 el Juzgado Federal Villa Mercedes, a cargo del Doctor Juan Carlos Nacul.<\/p>\n\n\n\n<p>Fue procesado por el delito de Infracci\u00f3n a la Ley de Estupefacientes.<\/p>\n\n\n\n<figure class=\"wp-block-image size-large\"><img fetchpriority=\"high\" decoding=\"async\" width=\"768\" height=\"1024\" src=\"https:\/\/vecinosdelinterior.com\/wp-content\/uploads\/2023\/08\/WhatsApp-Image-2023-08-11-at-17.55.45-768x1024.jpeg\" alt=\"\" class=\"wp-image-273\" srcset=\"https:\/\/vecinosdelinterior.com\/wp-content\/uploads\/2023\/08\/WhatsApp-Image-2023-08-11-at-17.55.45-768x1024.jpeg 768w, https:\/\/vecinosdelinterior.com\/wp-content\/uploads\/2023\/08\/WhatsApp-Image-2023-08-11-at-17.55.45-225x300.jpeg 225w, https:\/\/vecinosdelinterior.com\/wp-content\/uploads\/2023\/08\/WhatsApp-Image-2023-08-11-at-17.55.45.jpeg 960w\" sizes=\"(max-width: 768px) 100vw, 768px\" \/><\/figure>\n\n\n\n<p>Rossi fue demorado el pasado 28 de julio del corriente, por personal de Lucha Contra el Narcotr\u00e1fico, en un domicilio del barrio San Jos\u00e9, sito en el pasaje Miguel Flores, de la Villa de Merlo. En el lugar funcionaba un centro de distribuci\u00f3n de sustancias de estupefacientes.<\/p>\n\n\n\n<p>Efectivos del Departamento de Lucha Contra el Narcotr\u00e1fico estuvieron a cargo de las actuaciones y del traslado del detenido.<\/p>\n","protected":false},"excerpt":{"rendered":"<p>Emanuel Martin Rossi, de 34 a\u00f1os de edad, fue trasladado este viernes 11 de agosto al Servicio Penitenciario Provincial San Luis. La medida judicial la orden\u00f3 el Juzgado Federal Villa Mercedes, a cargo del Doctor Juan Carlos Nacul. Fue procesado por el delito de Infracci\u00f3n a la Ley de Estupefacientes. Rossi fue demorado el pasado [&hellip;]<\/p>\n","protected":false},"author":1,"featured_media":273,"comment_status":"open","ping_status":"open","sticky":false,"template":"","format":"standard","meta":{"footnotes":""},"categories":[23,73],"tags":[123,47,124],"class_list":["post-272","post","type-post","status-publish","format-standard","has-post-thumbnail","hentry","category-junin","category-merlo","tag-detenido","tag-droga","tag-merlo"],"_links":{"self":[{"href":"https:\/\/vecinosdelinterior.com\/index.php\/wp-json\/wp\/v2\/posts\/272","targetHints":{"allow":["GET"]}}],"collection":[{"href":"https:\/\/vecinosdelinterior.com\/index.php\/wp-json\/wp\/v2\/posts"}],"about":[{"href":"https:\/\/vecinosdelinterior.com\/index.php\/wp-json\/wp\/v2\/types\/post"}],"author":[{"embeddable":true,"href":"https:\/\/vecinosdelinterior.com\/index.php\/wp-json\/wp\/v2\/users\/1"}],"replies":[{"embeddable":true,"href":"https:\/\/vecinosdelinterior.com\/index.php\/wp-json\/wp\/v2\/comments?post=272"}],"version-history":[{"count":1,"href":"https:\/\/vecinosdelinterior.com\/index.php\/wp-json\/wp\/v2\/posts\/272\/revisions"}],"predecessor-version":[{"id":274,"href":"https:\/\/vecinosdelinterior.com\/index.php\/wp-json\/wp\/v2\/posts\/272\/revisions\/274"}],"wp:featuredmedia":[{"embeddable":true,"href":"https:\/\/vecinosdelinterior.com\/index.php\/wp-json\/wp\/v2\/media\/273"}],"wp:attachment":[{"href":"https:\/\/vecinosdelinterior.com\/index.php\/wp-json\/wp\/v2\/media?parent=272"}],"wp:term":[{"taxonomy":"category","embeddable":true,"href":"https:\/\/vecinosdelinterior.com\/index.php\/wp-json\/wp\/v2\/categories?post=272"},{"taxonomy":"post_tag","embeddable":true,"href":"https:\/\/vecinosdelinterior.com\/index.php\/wp-json\/wp\/v2\/tags?post=272"}],"curies":[{"name":"wp","href":"https:\/\/api.w.org\/{rel}","templated":true}]}}