{"id":2737,"date":"2024-10-25T11:34:42","date_gmt":"2024-10-25T14:34:42","guid":{"rendered":"https:\/\/vecinosdelinterior.com\/?p=2737"},"modified":"2024-10-25T11:34:42","modified_gmt":"2024-10-25T14:34:42","slug":"naschel-continua-con-su-plan-de-foretsacion","status":"publish","type":"post","link":"https:\/\/vecinosdelinterior.com\/index.php\/2024\/10\/25\/naschel-continua-con-su-plan-de-foretsacion\/","title":{"rendered":"Naschel contin\u00faa con su plan de foretsaci\u00f3n"},"content":{"rendered":"\n<p><\/p>\n\n\n\n<p><a href=\"https:\/\/l.facebook.com\/l.php?u=http%3A%2F%2FVECINOSDELINTERIOR.COM%2F%3Ffbclid%3DIwZXh0bgNhZW0CMTAAAR1Xf3A8WNJ1hUCGGXLO3SX9tTMfDJCQpINz76RzC4NoRKFab7qgBPLtucs_aem_535pZfa5XsdwzWnSbV3WNg&amp;h=AT0dAbs8qyDPuNl55yNc7T1QL-ngUzbPZuG_NuMZ4Z_Ze2LVz-qrESA78mgQR1jNw7_x3hqKAHZc4SxilEZI-FE0ydevSWot2qZBMlgzIS-o2rLSEQmyL_Sf__-qi28mRQ&amp;__tn__=-UK-R&amp;c[0]=AT0d_4xzJ0oKWy0ovh3KuGR7veCpG9n1LKzXzPtMBt_tNTR6lYEnRg4OFRjnMLtSA74LZXXf5XZz-MhGeNBrqnjKelEZ0rTa4am3Oq4_3ezDb6v4cwXP8-olG9B9P1VY7r9ITprjIsLQZe5IMn9VZh94840w5oTFQvGuphbLLSeZgwTPL7slGcdUA13rVMA1qn-Ycw\" rel=\"noreferrer noopener\" target=\"_blank\">VECINOSDELINTERIOR.COM<\/a> \/ 25 de octubre<\/p>\n\n\n\n<p>El municipio local comenz\u00f3 una nueva etapa del Plan de Forestaci\u00f3n Municipal. En este sentido, estamos realizando una plantaci\u00f3n de \u00e1rboles en el sector de las viviendas nuevas del barrio Nuevo Horizonte.<\/p>\n\n\n\n<p>Esta <a><\/a>acci\u00f3n no solo busca embellecer el entorno, sino tambi\u00e9n contribuir al bienestar de nuestros vecinos y ampliar el pulm\u00f3n verde de nuestra comunidad. Y hemos adquirido \u00abfresnos americanos\u00bb de alta calidad, producidos por el \u00e1rea de Producci\u00f3n Vegetal de la Escuela T\u00e9cnica N\u00b01 Elena Ossola de Horas. Nuestros trabajadores municipales se encuentran trabajando la colocaci\u00f3n de estos \u00e1rboles en tierra, asegur\u00e1ndose de que reciban el cuidado y la atenci\u00f3n necesaria para crecer y prosperar.<\/p>\n","protected":false},"excerpt":{"rendered":"<p>VECINOSDELINTERIOR.COM \/ 25 de octubre El municipio local comenz\u00f3 una nueva etapa del Plan de Forestaci\u00f3n Municipal. En este sentido, estamos realizando una plantaci\u00f3n de \u00e1rboles en el sector de las viviendas nuevas del barrio Nuevo Horizonte. Esta acci\u00f3n no solo busca embellecer el entorno, sino tambi\u00e9n contribuir al bienestar de nuestros vecinos y ampliar [&hellip;]<\/p>\n","protected":false},"author":1,"featured_media":2738,"comment_status":"open","ping_status":"open","sticky":false,"template":"","format":"standard","meta":{"footnotes":""},"categories":[29,91],"tags":[],"class_list":["post-2737","post","type-post","status-publish","format-standard","has-post-thumbnail","hentry","category-chacabuco","category-naschel"],"_links":{"self":[{"href":"https:\/\/vecinosdelinterior.com\/index.php\/wp-json\/wp\/v2\/posts\/2737","targetHints":{"allow":["GET"]}}],"collection":[{"href":"https:\/\/vecinosdelinterior.com\/index.php\/wp-json\/wp\/v2\/posts"}],"about":[{"href":"https:\/\/vecinosdelinterior.com\/index.php\/wp-json\/wp\/v2\/types\/post"}],"author":[{"embeddable":true,"href":"https:\/\/vecinosdelinterior.com\/index.php\/wp-json\/wp\/v2\/users\/1"}],"replies":[{"embeddable":true,"href":"https:\/\/vecinosdelinterior.com\/index.php\/wp-json\/wp\/v2\/comments?post=2737"}],"version-history":[{"count":1,"href":"https:\/\/vecinosdelinterior.com\/index.php\/wp-json\/wp\/v2\/posts\/2737\/revisions"}],"predecessor-version":[{"id":2739,"href":"https:\/\/vecinosdelinterior.com\/index.php\/wp-json\/wp\/v2\/posts\/2737\/revisions\/2739"}],"wp:featuredmedia":[{"embeddable":true,"href":"https:\/\/vecinosdelinterior.com\/index.php\/wp-json\/wp\/v2\/media\/2738"}],"wp:attachment":[{"href":"https:\/\/vecinosdelinterior.com\/index.php\/wp-json\/wp\/v2\/media?parent=2737"}],"wp:term":[{"taxonomy":"category","embeddable":true,"href":"https:\/\/vecinosdelinterior.com\/index.php\/wp-json\/wp\/v2\/categories?post=2737"},{"taxonomy":"post_tag","embeddable":true,"href":"https:\/\/vecinosdelinterior.com\/index.php\/wp-json\/wp\/v2\/tags?post=2737"}],"curies":[{"name":"wp","href":"https:\/\/api.w.org\/{rel}","templated":true}]}}