{"id":275,"date":"2023-08-12T19:22:03","date_gmt":"2023-08-12T22:22:03","guid":{"rendered":"https:\/\/vecinosdelinterior.com\/?p=275"},"modified":"2023-08-27T11:32:17","modified_gmt":"2023-08-27T14:32:17","slug":"bomberos-combatieron-un-incendio-en-la-fabrica-dos-anclas-de-salinas-del-bebedero","status":"publish","type":"post","link":"https:\/\/vecinosdelinterior.com\/index.php\/2023\/08\/12\/bomberos-combatieron-un-incendio-en-la-fabrica-dos-anclas-de-salinas-del-bebedero\/","title":{"rendered":"Bomberos combatieron un incendio en la f\u00e1brica Dos Anclas de Salinas del Bebedero"},"content":{"rendered":"\n<p><br><br>Un feroz incendio se desat\u00f3 cerca de las 7:00 de este s\u00e1bado en una parte de la f\u00e1brica Dos Anclas, ubicada en la localidad de Salinas del Bebedero.<\/p>\n\n\n\n<p>Seg\u00fan inform\u00f3 el jefe de Bomberos de la Polic\u00eda, Rafael Godoy, trabajaron 4 dotaciones, 2 de la provincia y 2 de la empresa para combatir las llamas el incendio, el cual pudo ser apagado pasadas las 10:00.<\/p>\n\n\n\n<figure class=\"wp-block-gallery has-nested-images columns-default is-cropped wp-block-gallery-1 is-layout-flex wp-block-gallery-is-layout-flex\">\n<figure class=\"wp-block-image size-large\"><img fetchpriority=\"high\" decoding=\"async\" width=\"1024\" height=\"576\" data-id=\"276\" src=\"https:\/\/vecinosdelinterior.com\/wp-content\/uploads\/2023\/08\/WhatsApp-Image-2023-08-12-at-12.14.05-1024x576.jpeg\" alt=\"\" class=\"wp-image-276\" srcset=\"https:\/\/vecinosdelinterior.com\/wp-content\/uploads\/2023\/08\/WhatsApp-Image-2023-08-12-at-12.14.05-1024x576.jpeg 1024w, https:\/\/vecinosdelinterior.com\/wp-content\/uploads\/2023\/08\/WhatsApp-Image-2023-08-12-at-12.14.05-300x169.jpeg 300w, https:\/\/vecinosdelinterior.com\/wp-content\/uploads\/2023\/08\/WhatsApp-Image-2023-08-12-at-12.14.05-768x432.jpeg 768w, https:\/\/vecinosdelinterior.com\/wp-content\/uploads\/2023\/08\/WhatsApp-Image-2023-08-12-at-12.14.05-1536x864.jpeg 1536w, https:\/\/vecinosdelinterior.com\/wp-content\/uploads\/2023\/08\/WhatsApp-Image-2023-08-12-at-12.14.05.jpeg 1600w\" sizes=\"(max-width: 1024px) 100vw, 1024px\" \/><\/figure>\n\n\n\n<figure class=\"wp-block-image size-large\"><img decoding=\"async\" width=\"947\" height=\"538\" data-id=\"277\" src=\"https:\/\/vecinosdelinterior.com\/wp-content\/uploads\/2023\/08\/incendio-bien-min.png\" alt=\"\" class=\"wp-image-277\" srcset=\"https:\/\/vecinosdelinterior.com\/wp-content\/uploads\/2023\/08\/incendio-bien-min.png 947w, https:\/\/vecinosdelinterior.com\/wp-content\/uploads\/2023\/08\/incendio-bien-min-300x170.png 300w, https:\/\/vecinosdelinterior.com\/wp-content\/uploads\/2023\/08\/incendio-bien-min-768x436.png 768w\" sizes=\"(max-width: 947px) 100vw, 947px\" \/><\/figure>\n<\/figure>\n\n\n\n<p>Adem\u00e1s coment\u00f3 que el fuego habr\u00eda comenzado en la parte de embalaje del edificio y que alrededor de 30 operarios pudieron salir del lugar a tiempo.<\/p>\n\n\n\n<p>De acuerdo a la informaci\u00f3n de testigos que presenciaron el siniestro, los da\u00f1os en la planta fueron totales y hubo p\u00e9rdida de material de trabajo.<\/p>\n\n\n\n<p>Personal de bomberos de la Polic\u00eda contin\u00faa trabajando en el lugar efectuando tareas de enfriamiento en toda la estructura afectada.<\/p>\n","protected":false},"excerpt":{"rendered":"<p>Un feroz incendio se desat\u00f3 cerca de las 7:00 de este s\u00e1bado en una parte de la f\u00e1brica Dos Anclas, ubicada en la localidad de Salinas del Bebedero. Seg\u00fan inform\u00f3 el jefe de Bomberos de la Polic\u00eda, Rafael Godoy, trabajaron 4 dotaciones, 2 de la provincia y 2 de la empresa para combatir las llamas [&hellip;]<\/p>\n","protected":false},"author":1,"featured_media":276,"comment_status":"open","ping_status":"open","sticky":false,"template":"","format":"standard","meta":{"footnotes":""},"categories":[126],"tags":[77,176,125],"class_list":["post-275","post","type-post","status-publish","format-standard","has-post-thumbnail","hentry","category-salinas-del-bebedero","tag-incendio","tag-medioambiente","tag-salinas-del-bebedero"],"_links":{"self":[{"href":"https:\/\/vecinosdelinterior.com\/index.php\/wp-json\/wp\/v2\/posts\/275","targetHints":{"allow":["GET"]}}],"collection":[{"href":"https:\/\/vecinosdelinterior.com\/index.php\/wp-json\/wp\/v2\/posts"}],"about":[{"href":"https:\/\/vecinosdelinterior.com\/index.php\/wp-json\/wp\/v2\/types\/post"}],"author":[{"embeddable":true,"href":"https:\/\/vecinosdelinterior.com\/index.php\/wp-json\/wp\/v2\/users\/1"}],"replies":[{"embeddable":true,"href":"https:\/\/vecinosdelinterior.com\/index.php\/wp-json\/wp\/v2\/comments?post=275"}],"version-history":[{"count":1,"href":"https:\/\/vecinosdelinterior.com\/index.php\/wp-json\/wp\/v2\/posts\/275\/revisions"}],"predecessor-version":[{"id":278,"href":"https:\/\/vecinosdelinterior.com\/index.php\/wp-json\/wp\/v2\/posts\/275\/revisions\/278"}],"wp:featuredmedia":[{"embeddable":true,"href":"https:\/\/vecinosdelinterior.com\/index.php\/wp-json\/wp\/v2\/media\/276"}],"wp:attachment":[{"href":"https:\/\/vecinosdelinterior.com\/index.php\/wp-json\/wp\/v2\/media?parent=275"}],"wp:term":[{"taxonomy":"category","embeddable":true,"href":"https:\/\/vecinosdelinterior.com\/index.php\/wp-json\/wp\/v2\/categories?post=275"},{"taxonomy":"post_tag","embeddable":true,"href":"https:\/\/vecinosdelinterior.com\/index.php\/wp-json\/wp\/v2\/tags?post=275"}],"curies":[{"name":"wp","href":"https:\/\/api.w.org\/{rel}","templated":true}]}}