{"id":2751,"date":"2024-10-25T20:20:16","date_gmt":"2024-10-25T23:20:16","guid":{"rendered":"https:\/\/vecinosdelinterior.com\/?p=2751"},"modified":"2024-10-25T20:20:16","modified_gmt":"2024-10-25T23:20:16","slug":"avanza-la-forestacion-en-el-acceso-a-san-geronimo","status":"publish","type":"post","link":"https:\/\/vecinosdelinterior.com\/index.php\/2024\/10\/25\/avanza-la-forestacion-en-el-acceso-a-san-geronimo\/","title":{"rendered":"Avanza la forestaci\u00f3n en el acceso a San Ger\u00f3nimo"},"content":{"rendered":"\n<p><\/p>\n\n\n\n<p>Colocaron en el ingreso a la localidad tur\u00edstica 150 casuarinas, \u00e1lamos y aguaribay, en proximidades a la ruta nacional 147. Los ejemplares se producen en los viveros a cargo de la secretar\u00eda de Ambiente y Desarrollo Sustentable.<\/p>\n\n\n\n<p>La actividad forma parte del Plan Anual de Forestaci\u00f3n, cuyo objetivo es reforestar todo el territorio de la provincia para recuperar zonas verdes, bio corredores, sanear los ecosistemas y mitigar el cambio clim\u00e1tico.<\/p>\n\n\n\n<p>Este programa es coordinado log\u00edsticamente por el \u00e1rea de Viveros Provinciales y para su correcta y eficiente implementaci\u00f3n se ha vinculado la cartera ambiental junto a los municipios. De esta manera se dise\u00f1an en conjunto las \u00e1reas a reforestar y se garantiza el cuidado, la poda y riego de los nuevos \u00e1rboles.<\/p>\n\n\n\n<p>En esta oportunidad, se han plantado 150 aguaribay, \u00e1lamos y casuarinas en el ingreso de San Ger\u00f3nimo por ruta nacional 147. Hasta el momento se han sumado a la iniciativa m\u00e1s de 25 municipios, y se busca extender las forestaciones a todo el territorio provincial.<\/p>\n\n\n\n<p>Estas acciones, al ser coordinadas entre la Provincia y los municipios, fomentan la participaci\u00f3n ciudadana, fortaleciendo a las comunidades y su sentido de pertenencia con la localidad. Las metas de la iniciativa no son s\u00f3lo ornamentales, sino que tambi\u00e9n buscan ampliar los pulmones verdes en rutas y caminos provinciales.<\/p>\n\n\n\n<p>Cada actividad se diagrama estrat\u00e9gicamente en distintas etapas, seg\u00fan las caracter\u00edsticas de cada regi\u00f3n, las condiciones del suelo y necesidades de los diferentes espacios. Las acciones persiguen dos metas elementales: reforzar el v\u00ednculo entre los ciudadanos y la localidad que habita, y aumentar la tasa de producci\u00f3n de ox\u00edgeno para contribuir en la lucha contra el cambio clim\u00e1tico.<\/p>\n\n\n\n<figure class=\"wp-block-gallery has-nested-images columns-default is-cropped wp-block-gallery-1 is-layout-flex wp-block-gallery-is-layout-flex\">\n<figure class=\"wp-block-image size-large\"><img fetchpriority=\"high\" decoding=\"async\" width=\"720\" height=\"480\" data-id=\"2752\" src=\"https:\/\/vecinosdelinterior.com\/wp-content\/uploads\/2024\/10\/WhatsApp-Image-2024-10-24-at-13.04.00-2.jpeg\" alt=\"\" class=\"wp-image-2752\" srcset=\"https:\/\/vecinosdelinterior.com\/wp-content\/uploads\/2024\/10\/WhatsApp-Image-2024-10-24-at-13.04.00-2.jpeg 720w, https:\/\/vecinosdelinterior.com\/wp-content\/uploads\/2024\/10\/WhatsApp-Image-2024-10-24-at-13.04.00-2-300x200.jpeg 300w\" sizes=\"(max-width: 720px) 100vw, 720px\" \/><\/figure>\n\n\n\n<figure class=\"wp-block-image size-large\"><img decoding=\"async\" width=\"899\" height=\"599\" data-id=\"2753\" src=\"https:\/\/vecinosdelinterior.com\/wp-content\/uploads\/2024\/10\/WhatsApp-Image-2024-10-24-at-13.03.58-2.jpeg\" alt=\"\" class=\"wp-image-2753\" srcset=\"https:\/\/vecinosdelinterior.com\/wp-content\/uploads\/2024\/10\/WhatsApp-Image-2024-10-24-at-13.03.58-2.jpeg 899w, https:\/\/vecinosdelinterior.com\/wp-content\/uploads\/2024\/10\/WhatsApp-Image-2024-10-24-at-13.03.58-2-300x200.jpeg 300w, https:\/\/vecinosdelinterior.com\/wp-content\/uploads\/2024\/10\/WhatsApp-Image-2024-10-24-at-13.03.58-2-768x512.jpeg 768w, https:\/\/vecinosdelinterior.com\/wp-content\/uploads\/2024\/10\/WhatsApp-Image-2024-10-24-at-13.03.58-2-750x500.jpeg 750w\" sizes=\"(max-width: 899px) 100vw, 899px\" \/><\/figure>\n<\/figure>\n","protected":false},"excerpt":{"rendered":"<p>Colocaron en el ingreso a la localidad tur\u00edstica 150 casuarinas, \u00e1lamos y aguaribay, en proximidades a la ruta nacional 147. Los ejemplares se producen en los viveros a cargo de la secretar\u00eda de Ambiente y Desarrollo Sustentable. La actividad forma parte del Plan Anual de Forestaci\u00f3n, cuyo objetivo es reforestar todo el territorio de la [&hellip;]<\/p>\n","protected":false},"author":1,"featured_media":2753,"comment_status":"open","ping_status":"open","sticky":false,"template":"","format":"standard","meta":{"footnotes":""},"categories":[1],"tags":[405],"class_list":["post-2751","post","type-post","status-publish","format-standard","has-post-thumbnail","hentry","category-blog","tag-san-jeronimo"],"_links":{"self":[{"href":"https:\/\/vecinosdelinterior.com\/index.php\/wp-json\/wp\/v2\/posts\/2751","targetHints":{"allow":["GET"]}}],"collection":[{"href":"https:\/\/vecinosdelinterior.com\/index.php\/wp-json\/wp\/v2\/posts"}],"about":[{"href":"https:\/\/vecinosdelinterior.com\/index.php\/wp-json\/wp\/v2\/types\/post"}],"author":[{"embeddable":true,"href":"https:\/\/vecinosdelinterior.com\/index.php\/wp-json\/wp\/v2\/users\/1"}],"replies":[{"embeddable":true,"href":"https:\/\/vecinosdelinterior.com\/index.php\/wp-json\/wp\/v2\/comments?post=2751"}],"version-history":[{"count":1,"href":"https:\/\/vecinosdelinterior.com\/index.php\/wp-json\/wp\/v2\/posts\/2751\/revisions"}],"predecessor-version":[{"id":2754,"href":"https:\/\/vecinosdelinterior.com\/index.php\/wp-json\/wp\/v2\/posts\/2751\/revisions\/2754"}],"wp:featuredmedia":[{"embeddable":true,"href":"https:\/\/vecinosdelinterior.com\/index.php\/wp-json\/wp\/v2\/media\/2753"}],"wp:attachment":[{"href":"https:\/\/vecinosdelinterior.com\/index.php\/wp-json\/wp\/v2\/media?parent=2751"}],"wp:term":[{"taxonomy":"category","embeddable":true,"href":"https:\/\/vecinosdelinterior.com\/index.php\/wp-json\/wp\/v2\/categories?post=2751"},{"taxonomy":"post_tag","embeddable":true,"href":"https:\/\/vecinosdelinterior.com\/index.php\/wp-json\/wp\/v2\/tags?post=2751"}],"curies":[{"name":"wp","href":"https:\/\/api.w.org\/{rel}","templated":true}]}}