{"id":2771,"date":"2024-10-28T20:00:58","date_gmt":"2024-10-28T23:00:58","guid":{"rendered":"https:\/\/vecinosdelinterior.com\/?p=2771"},"modified":"2024-10-28T20:00:58","modified_gmt":"2024-10-28T23:00:58","slug":"san-francisco-10o-encuentro-regional-de-teatro-de-nivel-inicial","status":"publish","type":"post","link":"https:\/\/vecinosdelinterior.com\/index.php\/2024\/10\/28\/san-francisco-10o-encuentro-regional-de-teatro-de-nivel-inicial\/","title":{"rendered":"SAN FRANCISCO: 10\u00ba Encuentro Regional de Teatro de Nivel Inicial"},"content":{"rendered":"\n<p><\/p>\n\n\n\n<p>Durante el d\u00eda de ayer, la Secretar\u00eda de Cultura y Educaci\u00f3n de la Municipalidad de San Francisco tuvo el honor de participar en el 10\u00ba Encuentro Regional de Teatro de Nivel Inicial, organizado por la Escuela N\u00b0162 Domingo F. Sarmiento y llevado a cabo en el teatro Sala Clara Chut\u00fan.<\/p>\n\n\n\n<p>Fue un momento muy especial que llen\u00f3 de orgullo a los organizadores por haber contribuido a que los m\u00e1s peque\u00f1os de la comunidad vivan la experiencia del arte y la expresi\u00f3n.<\/p>\n\n\n\n<figure class=\"wp-block-gallery has-nested-images columns-default is-cropped wp-block-gallery-1 is-layout-flex wp-block-gallery-is-layout-flex\">\n<figure class=\"wp-block-image size-large\"><img fetchpriority=\"high\" decoding=\"async\" width=\"940\" height=\"491\" data-id=\"2773\" src=\"https:\/\/vecinosdelinterior.com\/wp-content\/uploads\/2024\/10\/sdf.jpg\" alt=\"\" class=\"wp-image-2773\" srcset=\"https:\/\/vecinosdelinterior.com\/wp-content\/uploads\/2024\/10\/sdf.jpg 940w, https:\/\/vecinosdelinterior.com\/wp-content\/uploads\/2024\/10\/sdf-300x157.jpg 300w, https:\/\/vecinosdelinterior.com\/wp-content\/uploads\/2024\/10\/sdf-768x401.jpg 768w, https:\/\/vecinosdelinterior.com\/wp-content\/uploads\/2024\/10\/sdf-750x392.jpg 750w\" sizes=\"(max-width: 940px) 100vw, 940px\" \/><\/figure>\n\n\n\n<figure class=\"wp-block-image size-large\"><img decoding=\"async\" width=\"940\" height=\"491\" data-id=\"2772\" src=\"https:\/\/vecinosdelinterior.com\/wp-content\/uploads\/2024\/10\/464704297_17883991728114861_8552550892417210418_n.jpg\" alt=\"\" class=\"wp-image-2772\" srcset=\"https:\/\/vecinosdelinterior.com\/wp-content\/uploads\/2024\/10\/464704297_17883991728114861_8552550892417210418_n.jpg 940w, https:\/\/vecinosdelinterior.com\/wp-content\/uploads\/2024\/10\/464704297_17883991728114861_8552550892417210418_n-300x157.jpg 300w, https:\/\/vecinosdelinterior.com\/wp-content\/uploads\/2024\/10\/464704297_17883991728114861_8552550892417210418_n-768x401.jpg 768w, https:\/\/vecinosdelinterior.com\/wp-content\/uploads\/2024\/10\/464704297_17883991728114861_8552550892417210418_n-750x392.jpg 750w\" sizes=\"(max-width: 940px) 100vw, 940px\" \/><\/figure>\n<\/figure>\n","protected":false},"excerpt":{"rendered":"<p>Durante el d\u00eda de ayer, la Secretar\u00eda de Cultura y Educaci\u00f3n de la Municipalidad de San Francisco tuvo el honor de participar en el 10\u00ba Encuentro Regional de Teatro de Nivel Inicial, organizado por la Escuela N\u00b0162 Domingo F. Sarmiento y llevado a cabo en el teatro Sala Clara Chut\u00fan. Fue un momento muy especial [&hellip;]<\/p>\n","protected":false},"author":1,"featured_media":2772,"comment_status":"open","ping_status":"open","sticky":false,"template":"","format":"standard","meta":{"footnotes":""},"categories":[8,9],"tags":[448,391],"class_list":["post-2771","post","type-post","status-publish","format-standard","has-post-thumbnail","hentry","category-ayacucho","category-san-francisco","tag-arte","tag-eventos"],"_links":{"self":[{"href":"https:\/\/vecinosdelinterior.com\/index.php\/wp-json\/wp\/v2\/posts\/2771","targetHints":{"allow":["GET"]}}],"collection":[{"href":"https:\/\/vecinosdelinterior.com\/index.php\/wp-json\/wp\/v2\/posts"}],"about":[{"href":"https:\/\/vecinosdelinterior.com\/index.php\/wp-json\/wp\/v2\/types\/post"}],"author":[{"embeddable":true,"href":"https:\/\/vecinosdelinterior.com\/index.php\/wp-json\/wp\/v2\/users\/1"}],"replies":[{"embeddable":true,"href":"https:\/\/vecinosdelinterior.com\/index.php\/wp-json\/wp\/v2\/comments?post=2771"}],"version-history":[{"count":1,"href":"https:\/\/vecinosdelinterior.com\/index.php\/wp-json\/wp\/v2\/posts\/2771\/revisions"}],"predecessor-version":[{"id":2774,"href":"https:\/\/vecinosdelinterior.com\/index.php\/wp-json\/wp\/v2\/posts\/2771\/revisions\/2774"}],"wp:featuredmedia":[{"embeddable":true,"href":"https:\/\/vecinosdelinterior.com\/index.php\/wp-json\/wp\/v2\/media\/2772"}],"wp:attachment":[{"href":"https:\/\/vecinosdelinterior.com\/index.php\/wp-json\/wp\/v2\/media?parent=2771"}],"wp:term":[{"taxonomy":"category","embeddable":true,"href":"https:\/\/vecinosdelinterior.com\/index.php\/wp-json\/wp\/v2\/categories?post=2771"},{"taxonomy":"post_tag","embeddable":true,"href":"https:\/\/vecinosdelinterior.com\/index.php\/wp-json\/wp\/v2\/tags?post=2771"}],"curies":[{"name":"wp","href":"https:\/\/api.w.org\/{rel}","templated":true}]}}