{"id":2779,"date":"2024-10-28T20:28:27","date_gmt":"2024-10-28T23:28:27","guid":{"rendered":"https:\/\/vecinosdelinterior.com\/?p=2779"},"modified":"2024-10-31T09:44:25","modified_gmt":"2024-10-31T12:44:25","slug":"la-gran-fiesta-de-la-tradicion-se-vivira-en-buena-esperanza-mira-la-grilla","status":"publish","type":"post","link":"https:\/\/vecinosdelinterior.com\/index.php\/2024\/10\/28\/la-gran-fiesta-de-la-tradicion-se-vivira-en-buena-esperanza-mira-la-grilla\/","title":{"rendered":"La Gran Fiesta de la Tradici\u00f3n se vivir\u00e1 en Buena Esperanza. Mir\u00e1 la grilla"},"content":{"rendered":"\n<p>Se trata de la 46\u00b0 FIESTA PROVINCIAL DE LA TRADICI\u00d3N que se desarrollar\u00e1 del 8 al 10 de Noviembre en la localidad de Buena Esperanza.<br>Desde Encuentro de Tropillas, domas, almuerzo criollo, hasta un cierre con numerosos artistas folcl\u00f3ricos y bailables.<\/p>\n\n\n\n<p>Organizado por el Municipio de Buena Esperanza, este evento ya es un cl\u00e1sico provincial que promete , en esta edici\u00f3n, ser tan convocante como en las ediciones anteriores,<\/p>\n\n\n\n<p>Arranca el viernes 08 con una EXPO TRADICI\u00d3N desde las 19 hs. en la Plaza saludable donde Empresas, Comercios, Emprendedores, Patio de comidas y show en vivo &#8211; (ENTRADA LIBREY GRATUITA a este evento )<\/p>\n\n\n\n<p>Luego, el s\u00e1bado 09 de noviembre comienzan las pruebas de riendas y jineteadas desde las 14 hs. Tambi\u00e9n con entrada libre y gratuita. Tambi\u00e9n habr\u00e1 desfile con un cierre folcl\u00f3rico en plaza Sarmiento.<\/p>\n\n\n\n<p>El Domingo, desde muy temprano se abrir\u00e1 el campo para comenzar a las 10:30 HS. con la presentaci\u00f3n de 30 Montas en Clina. Al mediod\u00eda un gran ALMUERZO CRIOLLO, para continuar con la presentaci\u00f3n de 60 MONTAS EN BASTO CON ENCIMERA. MONTAS ESPECIALES \u00abEL JEFE\u00bb DE BERNAB\u00c9 vs. JORGE MONTE (CLINA) \u00abEL TORITO\u00bb DE D\u00daO vs. PABLO GUEVARA (BASTOS)<strong> Valor de la entrada $7000.<\/strong><\/p>\n\n\n\n<p>El cierre a este gran festival ser\u00e1 con un gran show folcl\u00f3rico y bailable donde actuar\u00e1n:<br>ATR CUMBIA, LAS VOCES DE FORTIN, TRASHUMANTES, JOS\u00c9 DE LA PAULA, LA UNO X UNO BALLET&#8217;S LOCALES Y REGIONALES, PIKI SILVERA, ALUVI\u00d3N PAMPEANO y RENACER CHAMAMECERO entre otros.<\/p>\n\n\n\n<figure class=\"wp-block-image size-large\"><img fetchpriority=\"high\" decoding=\"async\" width=\"730\" height=\"1024\" src=\"https:\/\/vecinosdelinterior.com\/wp-content\/uploads\/2024\/10\/464500178_122181013682146161_7041799738593366023_n-730x1024.jpg\" alt=\"\" class=\"wp-image-2781\" srcset=\"https:\/\/vecinosdelinterior.com\/wp-content\/uploads\/2024\/10\/464500178_122181013682146161_7041799738593366023_n-730x1024.jpg 730w, https:\/\/vecinosdelinterior.com\/wp-content\/uploads\/2024\/10\/464500178_122181013682146161_7041799738593366023_n-214x300.jpg 214w, https:\/\/vecinosdelinterior.com\/wp-content\/uploads\/2024\/10\/464500178_122181013682146161_7041799738593366023_n-768x1077.jpg 768w, https:\/\/vecinosdelinterior.com\/wp-content\/uploads\/2024\/10\/464500178_122181013682146161_7041799738593366023_n-1095x1536.jpg 1095w, https:\/\/vecinosdelinterior.com\/wp-content\/uploads\/2024\/10\/464500178_122181013682146161_7041799738593366023_n-360x504.jpg 360w, https:\/\/vecinosdelinterior.com\/wp-content\/uploads\/2024\/10\/464500178_122181013682146161_7041799738593366023_n-750x1052.jpg 750w, https:\/\/vecinosdelinterior.com\/wp-content\/uploads\/2024\/10\/464500178_122181013682146161_7041799738593366023_n-1140x1599.jpg 1140w, https:\/\/vecinosdelinterior.com\/wp-content\/uploads\/2024\/10\/464500178_122181013682146161_7041799738593366023_n.jpg 1460w\" sizes=\"(max-width: 730px) 100vw, 730px\" \/><\/figure>\n\n\n\n<p><br>s.<\/p>\n\n\n\n<figure class=\"wp-block-image size-large\"><img decoding=\"async\" width=\"726\" height=\"1024\" src=\"https:\/\/vecinosdelinterior.com\/wp-content\/uploads\/2024\/10\/465009216_122181013718146161_602022954183432820_n-726x1024.jpg\" alt=\"\" class=\"wp-image-2782\" srcset=\"https:\/\/vecinosdelinterior.com\/wp-content\/uploads\/2024\/10\/465009216_122181013718146161_602022954183432820_n-726x1024.jpg 726w, https:\/\/vecinosdelinterior.com\/wp-content\/uploads\/2024\/10\/465009216_122181013718146161_602022954183432820_n-213x300.jpg 213w, https:\/\/vecinosdelinterior.com\/wp-content\/uploads\/2024\/10\/465009216_122181013718146161_602022954183432820_n-768x1084.jpg 768w, https:\/\/vecinosdelinterior.com\/wp-content\/uploads\/2024\/10\/465009216_122181013718146161_602022954183432820_n-1088x1536.jpg 1088w, https:\/\/vecinosdelinterior.com\/wp-content\/uploads\/2024\/10\/465009216_122181013718146161_602022954183432820_n-750x1059.jpg 750w, https:\/\/vecinosdelinterior.com\/wp-content\/uploads\/2024\/10\/465009216_122181013718146161_602022954183432820_n-1140x1609.jpg 1140w, https:\/\/vecinosdelinterior.com\/wp-content\/uploads\/2024\/10\/465009216_122181013718146161_602022954183432820_n.jpg 1451w\" sizes=\"(max-width: 726px) 100vw, 726px\" \/><\/figure>\n\n\n\n<figure class=\"wp-block-image size-large\"><img decoding=\"async\" width=\"724\" height=\"1024\" src=\"https:\/\/vecinosdelinterior.com\/wp-content\/uploads\/2024\/10\/464400570_122181013736146161_5475783151015694384_n-724x1024.jpg\" alt=\"\" class=\"wp-image-2780\" srcset=\"https:\/\/vecinosdelinterior.com\/wp-content\/uploads\/2024\/10\/464400570_122181013736146161_5475783151015694384_n-724x1024.jpg 724w, https:\/\/vecinosdelinterior.com\/wp-content\/uploads\/2024\/10\/464400570_122181013736146161_5475783151015694384_n-212x300.jpg 212w, https:\/\/vecinosdelinterior.com\/wp-content\/uploads\/2024\/10\/464400570_122181013736146161_5475783151015694384_n-768x1086.jpg 768w, https:\/\/vecinosdelinterior.com\/wp-content\/uploads\/2024\/10\/464400570_122181013736146161_5475783151015694384_n-1086x1536.jpg 1086w, https:\/\/vecinosdelinterior.com\/wp-content\/uploads\/2024\/10\/464400570_122181013736146161_5475783151015694384_n-750x1061.jpg 750w, https:\/\/vecinosdelinterior.com\/wp-content\/uploads\/2024\/10\/464400570_122181013736146161_5475783151015694384_n-1140x1612.jpg 1140w, https:\/\/vecinosdelinterior.com\/wp-content\/uploads\/2024\/10\/464400570_122181013736146161_5475783151015694384_n.jpg 1448w\" sizes=\"(max-width: 724px) 100vw, 724px\" \/><\/figure>\n\n\n\n<p><\/p>\n","protected":false},"excerpt":{"rendered":"<p>Se trata de la 46\u00b0 FIESTA PROVINCIAL DE LA TRADICI\u00d3N que se desarrollar\u00e1 del 8 al 10 de Noviembre en la localidad de Buena Esperanza.Desde Encuentro de Tropillas, domas, almuerzo criollo, hasta un cierre con numerosos artistas folcl\u00f3ricos y bailables. Organizado por el Municipio de Buena Esperanza, este evento ya es un cl\u00e1sico provincial que [&hellip;]<\/p>\n","protected":false},"author":1,"featured_media":2783,"comment_status":"open","ping_status":"open","sticky":false,"template":"","format":"standard","meta":{"footnotes":""},"categories":[18,16],"tags":[449,391,333,177,175],"class_list":["post-2779","post","type-post","status-publish","format-standard","has-post-thumbnail","hentry","category-buena-esperanza-dupuy","category-dupuy","tag-46o-fiesta-provincial-de-la-tradicion","tag-eventos","tag-festivales","tag-gestiones-destacadas","tag-turismo"],"_links":{"self":[{"href":"https:\/\/vecinosdelinterior.com\/index.php\/wp-json\/wp\/v2\/posts\/2779","targetHints":{"allow":["GET"]}}],"collection":[{"href":"https:\/\/vecinosdelinterior.com\/index.php\/wp-json\/wp\/v2\/posts"}],"about":[{"href":"https:\/\/vecinosdelinterior.com\/index.php\/wp-json\/wp\/v2\/types\/post"}],"author":[{"embeddable":true,"href":"https:\/\/vecinosdelinterior.com\/index.php\/wp-json\/wp\/v2\/users\/1"}],"replies":[{"embeddable":true,"href":"https:\/\/vecinosdelinterior.com\/index.php\/wp-json\/wp\/v2\/comments?post=2779"}],"version-history":[{"count":2,"href":"https:\/\/vecinosdelinterior.com\/index.php\/wp-json\/wp\/v2\/posts\/2779\/revisions"}],"predecessor-version":[{"id":2787,"href":"https:\/\/vecinosdelinterior.com\/index.php\/wp-json\/wp\/v2\/posts\/2779\/revisions\/2787"}],"wp:featuredmedia":[{"embeddable":true,"href":"https:\/\/vecinosdelinterior.com\/index.php\/wp-json\/wp\/v2\/media\/2783"}],"wp:attachment":[{"href":"https:\/\/vecinosdelinterior.com\/index.php\/wp-json\/wp\/v2\/media?parent=2779"}],"wp:term":[{"taxonomy":"category","embeddable":true,"href":"https:\/\/vecinosdelinterior.com\/index.php\/wp-json\/wp\/v2\/categories?post=2779"},{"taxonomy":"post_tag","embeddable":true,"href":"https:\/\/vecinosdelinterior.com\/index.php\/wp-json\/wp\/v2\/tags?post=2779"}],"curies":[{"name":"wp","href":"https:\/\/api.w.org\/{rel}","templated":true}]}}