{"id":279,"date":"2023-08-14T10:16:22","date_gmt":"2023-08-14T13:16:22","guid":{"rendered":"https:\/\/vecinosdelinterior.com\/?p=279"},"modified":"2023-08-27T11:37:21","modified_gmt":"2023-08-27T14:37:21","slug":"el-gobierno-provincial-suma-mas-cuadras-de-pavimento-en-justo-daract","status":"publish","type":"post","link":"https:\/\/vecinosdelinterior.com\/index.php\/2023\/08\/14\/el-gobierno-provincial-suma-mas-cuadras-de-pavimento-en-justo-daract\/","title":{"rendered":"El Gobierno provincial suma m\u00e1s cuadras de pavimento en Justo Daract"},"content":{"rendered":"\n<p>Actualmente se pavimentan 25 cuadras que se suman a las 36 ejecutadas en 2022 y que fueron inauguradas por el gobernador Alberto Rodr\u00edguez Sa\u00e1 en noviembre del a\u00f1o pasado.<\/p>\n\n\n\n<p>La obra ya cuenta con un importante progreso y los trabajos no se detienen. La Provincia contin\u00faa invirtiendo en mejorar la calidad de vida de los sanluise\u00f1os, y actualmente, se pavimentan calles de Juana Koslay, Potrero de los Funes, Quines y Justo Daract, entre otras.<\/p>\n\n\n\n<figure class=\"wp-block-gallery has-nested-images columns-default is-cropped wp-block-gallery-1 is-layout-flex wp-block-gallery-is-layout-flex\">\n<figure class=\"wp-block-image size-large\"><img fetchpriority=\"high\" decoding=\"async\" width=\"1024\" height=\"576\" data-id=\"280\" src=\"https:\/\/vecinosdelinterior.com\/wp-content\/uploads\/2023\/08\/406e4fed-5416-4d83-b1d9-46a890267b64-1024x576.jpg\" alt=\"\" class=\"wp-image-280\" srcset=\"https:\/\/vecinosdelinterior.com\/wp-content\/uploads\/2023\/08\/406e4fed-5416-4d83-b1d9-46a890267b64-1024x576.jpg 1024w, https:\/\/vecinosdelinterior.com\/wp-content\/uploads\/2023\/08\/406e4fed-5416-4d83-b1d9-46a890267b64-300x169.jpg 300w, https:\/\/vecinosdelinterior.com\/wp-content\/uploads\/2023\/08\/406e4fed-5416-4d83-b1d9-46a890267b64-768x432.jpg 768w, https:\/\/vecinosdelinterior.com\/wp-content\/uploads\/2023\/08\/406e4fed-5416-4d83-b1d9-46a890267b64.jpg 1200w\" sizes=\"(max-width: 1024px) 100vw, 1024px\" \/><\/figure>\n\n\n\n<figure class=\"wp-block-image size-large\"><img decoding=\"async\" width=\"1024\" height=\"682\" data-id=\"281\" src=\"https:\/\/vecinosdelinterior.com\/wp-content\/uploads\/2023\/08\/5bf419f1-9511-44b4-b69a-f5f314d7a71a-1024x682.jpg\" alt=\"\" class=\"wp-image-281\" srcset=\"https:\/\/vecinosdelinterior.com\/wp-content\/uploads\/2023\/08\/5bf419f1-9511-44b4-b69a-f5f314d7a71a-1024x682.jpg 1024w, https:\/\/vecinosdelinterior.com\/wp-content\/uploads\/2023\/08\/5bf419f1-9511-44b4-b69a-f5f314d7a71a-300x200.jpg 300w, https:\/\/vecinosdelinterior.com\/wp-content\/uploads\/2023\/08\/5bf419f1-9511-44b4-b69a-f5f314d7a71a-768x511.jpg 768w, https:\/\/vecinosdelinterior.com\/wp-content\/uploads\/2023\/08\/5bf419f1-9511-44b4-b69a-f5f314d7a71a.jpg 1200w\" sizes=\"(max-width: 1024px) 100vw, 1024px\" \/><\/figure>\n<\/figure>\n\n\n\n<p>\u201cEl pavimento mejora la transitabilidad, jerarquiza los frentes de las casas y le agrega valor a las propiedades por donde pasa. Estamos muy contentos de ver el avance y la prolijidad con la que se est\u00e1 trabajando en la obra\u201d, indic\u00f3 el director Provincial de Vialidad, Jorge Garc\u00eda Quiroga luego de una visita de obra.<\/p>\n\n\n\n<p>Los trabajos cuentan con una inversi\u00f3n de m\u00e1s de $500 millones y los realiza la Municipalidad de Justo Daract en calidad de adjudicataria. Incluyen cord\u00f3n integrado y la construcci\u00f3n de un canal colector de 150 m al final de la calle Mitre para contener y evacuar el agua de las precipitaciones.<\/p>\n\n\n\n<p>\u201cEn la obra financiada por el Gobierno provincial, trabajan unas 45 personas, todas de la localidad. Los materiales y la maquinaria tambi\u00e9n son de Justo Daract, as\u00ed que estamos muy orgullosos y felices por el trabajo que estamos realizando en conjunto con la Provincia\u201d, expres\u00f3 el intendente Alfredo Dom\u00ednguez.<\/p>\n","protected":false},"excerpt":{"rendered":"<p>Actualmente se pavimentan 25 cuadras que se suman a las 36 ejecutadas en 2022 y que fueron inauguradas por el gobernador Alberto Rodr\u00edguez Sa\u00e1 en noviembre del a\u00f1o pasado. La obra ya cuenta con un importante progreso y los trabajos no se detienen. La Provincia contin\u00faa invirtiendo en mejorar la calidad de vida de los [&hellip;]<\/p>\n","protected":false},"author":1,"featured_media":280,"comment_status":"open","ping_status":"open","sticky":false,"template":"","format":"standard","meta":{"footnotes":""},"categories":[127],"tags":[177,130,129],"class_list":["post-279","post","type-post","status-publish","format-standard","has-post-thumbnail","hentry","category-justo-daract","tag-gestiones-destacadas","tag-justo-daract","tag-pavimento"],"_links":{"self":[{"href":"https:\/\/vecinosdelinterior.com\/index.php\/wp-json\/wp\/v2\/posts\/279","targetHints":{"allow":["GET"]}}],"collection":[{"href":"https:\/\/vecinosdelinterior.com\/index.php\/wp-json\/wp\/v2\/posts"}],"about":[{"href":"https:\/\/vecinosdelinterior.com\/index.php\/wp-json\/wp\/v2\/types\/post"}],"author":[{"embeddable":true,"href":"https:\/\/vecinosdelinterior.com\/index.php\/wp-json\/wp\/v2\/users\/1"}],"replies":[{"embeddable":true,"href":"https:\/\/vecinosdelinterior.com\/index.php\/wp-json\/wp\/v2\/comments?post=279"}],"version-history":[{"count":1,"href":"https:\/\/vecinosdelinterior.com\/index.php\/wp-json\/wp\/v2\/posts\/279\/revisions"}],"predecessor-version":[{"id":282,"href":"https:\/\/vecinosdelinterior.com\/index.php\/wp-json\/wp\/v2\/posts\/279\/revisions\/282"}],"wp:featuredmedia":[{"embeddable":true,"href":"https:\/\/vecinosdelinterior.com\/index.php\/wp-json\/wp\/v2\/media\/280"}],"wp:attachment":[{"href":"https:\/\/vecinosdelinterior.com\/index.php\/wp-json\/wp\/v2\/media?parent=279"}],"wp:term":[{"taxonomy":"category","embeddable":true,"href":"https:\/\/vecinosdelinterior.com\/index.php\/wp-json\/wp\/v2\/categories?post=279"},{"taxonomy":"post_tag","embeddable":true,"href":"https:\/\/vecinosdelinterior.com\/index.php\/wp-json\/wp\/v2\/tags?post=279"}],"curies":[{"name":"wp","href":"https:\/\/api.w.org\/{rel}","templated":true}]}}