{"id":2800,"date":"2024-10-30T21:54:24","date_gmt":"2024-10-31T00:54:24","guid":{"rendered":"https:\/\/vecinosdelinterior.com\/?p=2800"},"modified":"2024-10-30T21:56:30","modified_gmt":"2024-10-31T00:56:30","slug":"lo-golpearon-lo-encerraron-y-le-incendiaron-su-casilla-con-el-adentro-esta-grave","status":"publish","type":"post","link":"https:\/\/vecinosdelinterior.com\/index.php\/2024\/10\/30\/lo-golpearon-lo-encerraron-y-le-incendiaron-su-casilla-con-el-adentro-esta-grave\/","title":{"rendered":"Lo golpearon, lo encerraron y le incendiaron su casilla con \u00e9l adentro; est\u00e1 grave"},"content":{"rendered":"\n<p>A pocos d\u00edas de cumplirse un mes del brutal asalto que dej\u00f3 sin casa a Jorge Tissera, la vida del hombre que reside en el paraje Santa Martina, en cercan\u00edas a Concar\u00e1n, sigue pendiendo de un hilo. Contin\u00faa internado en grave estado y, en medio de la desesperaci\u00f3n porque su estado no mejora y tampoco detuvieron a los delincuentes que casi lo matan, su familia le pide a la comunidad que ore por su pronta recuperaci\u00f3n. Los ladrones lo golpearon, lo encerraron en su casilla y le prendieron fuego a su vivienda, con \u00e9l adentro, solo para robarle lo poco que le quedaba de su jubilaci\u00f3n, porque cobra el haber m\u00ednimo.<\/p>\n\n\n\n<p>A trav\u00e9s de sus redes sociales, Carina, una sobrina, cont\u00f3 que el hombre vive a metros de la autopista 55, en una zona rural. Ah\u00ed estaba \u00abtranquilo, rodeado de sus aninales\u00bb.<\/p>\n\n\n\n<p>La paz se acab\u00f3 los primeros d\u00edas de octubre, cuando un grupo de delincuentes lo tom\u00f3 por sorpresa. \u00abFueron estos mal nacidos y le robaron \u00bfqu\u00e9? Nada, dos pesos, porque \u00e9l vive de su jubilaci\u00f3n. Lo golpearon, lo encerraron, le prendieron fuego y le quemaron la casa\u00bb, relat\u00f3.<\/p>\n\n\n\n<p>Debido a la gravedad de las lesiones y las quemaduras tuvo que ser trasladado a San Luis, al Hospital Central \u00abRam\u00f3n Carrillo\u00bb. Fue ingresado a cuidados intensivos y hasta hoy sigue ah\u00ed.<\/p>\n\n\n\n<p>A pesar de que ya pasaron varias semanas, Carlos, el hermano de la v\u00edctima, manifest\u00f3 que todav\u00eda \u00abno hay detenidos, ni allanamientos\u00bb. \u00abEs muy grave lo que le hicieron a mi hermano, que est\u00e1 luchando por su vida, mientras esas lacras seguro se pasean con impunidad entre nosotros\u00bb, expres\u00f3.<\/p>\n\n\n\n<p>Carla describe a Jorge como el hombre \u00abm\u00e1s bueno del mundo\u00bb. \u00abEs el t\u00edo de los chistes, las risas y las cargadas\u00bb, coment\u00f3. Marcelo, otro sobrino de la v\u00edctima, pidi\u00f3 tambi\u00e9n, a trav\u00e9s de sus redes sociales, rezar por su t\u00edo. \u00abLes pido con todo mi coraz\u00f3n que nos unamos en una cadena de oraci\u00f3n. No importa la religi\u00f3n que seas, por mi t\u00edo Jorge Tissera que est\u00e1 luchando por su vida. Que Dios le d\u00e9 fuerza y fortaleza para que se mejore pronto. Su familia lo espera\u00bb, escribi\u00f3 en una publicaci\u00f3n.<\/p>\n\n\n\n<figure class=\"wp-block-image size-full\"><img fetchpriority=\"high\" decoding=\"async\" width=\"449\" height=\"543\" src=\"https:\/\/vecinosdelinterior.com\/wp-content\/uploads\/2024\/10\/30-10-2024-21-50-33.jpg\" alt=\"\" class=\"wp-image-2801\" srcset=\"https:\/\/vecinosdelinterior.com\/wp-content\/uploads\/2024\/10\/30-10-2024-21-50-33.jpg 449w, https:\/\/vecinosdelinterior.com\/wp-content\/uploads\/2024\/10\/30-10-2024-21-50-33-248x300.jpg 248w\" sizes=\"(max-width: 449px) 100vw, 449px\" \/><\/figure>\n\n\n\n<p>Fuente: EDDLR<\/p>\n","protected":false},"excerpt":{"rendered":"<p>A pocos d\u00edas de cumplirse un mes del brutal asalto que dej\u00f3 sin casa a Jorge Tissera, la vida del hombre que reside en el paraje Santa Martina, en cercan\u00edas a Concar\u00e1n, sigue pendiendo de un hilo. Contin\u00faa internado en grave estado y, en medio de la desesperaci\u00f3n porque su estado no mejora y tampoco [&hellip;]<\/p>\n","protected":false},"author":1,"featured_media":2801,"comment_status":"open","ping_status":"open","sticky":false,"template":"","format":"standard","meta":{"footnotes":""},"categories":[29,223],"tags":[450,213],"class_list":["post-2800","post","type-post","status-publish","format-standard","has-post-thumbnail","hentry","category-chacabuco","category-concaran","tag-inseguridad","tag-policial"],"_links":{"self":[{"href":"https:\/\/vecinosdelinterior.com\/index.php\/wp-json\/wp\/v2\/posts\/2800","targetHints":{"allow":["GET"]}}],"collection":[{"href":"https:\/\/vecinosdelinterior.com\/index.php\/wp-json\/wp\/v2\/posts"}],"about":[{"href":"https:\/\/vecinosdelinterior.com\/index.php\/wp-json\/wp\/v2\/types\/post"}],"author":[{"embeddable":true,"href":"https:\/\/vecinosdelinterior.com\/index.php\/wp-json\/wp\/v2\/users\/1"}],"replies":[{"embeddable":true,"href":"https:\/\/vecinosdelinterior.com\/index.php\/wp-json\/wp\/v2\/comments?post=2800"}],"version-history":[{"count":2,"href":"https:\/\/vecinosdelinterior.com\/index.php\/wp-json\/wp\/v2\/posts\/2800\/revisions"}],"predecessor-version":[{"id":2803,"href":"https:\/\/vecinosdelinterior.com\/index.php\/wp-json\/wp\/v2\/posts\/2800\/revisions\/2803"}],"wp:featuredmedia":[{"embeddable":true,"href":"https:\/\/vecinosdelinterior.com\/index.php\/wp-json\/wp\/v2\/media\/2801"}],"wp:attachment":[{"href":"https:\/\/vecinosdelinterior.com\/index.php\/wp-json\/wp\/v2\/media?parent=2800"}],"wp:term":[{"taxonomy":"category","embeddable":true,"href":"https:\/\/vecinosdelinterior.com\/index.php\/wp-json\/wp\/v2\/categories?post=2800"},{"taxonomy":"post_tag","embeddable":true,"href":"https:\/\/vecinosdelinterior.com\/index.php\/wp-json\/wp\/v2\/tags?post=2800"}],"curies":[{"name":"wp","href":"https:\/\/api.w.org\/{rel}","templated":true}]}}