{"id":2826,"date":"2024-11-01T16:08:00","date_gmt":"2024-11-01T19:08:00","guid":{"rendered":"https:\/\/vecinosdelinterior.com\/?p=2826"},"modified":"2024-11-01T16:10:28","modified_gmt":"2024-11-01T19:10:28","slug":"estudiantes-de-naschel-presentaron-un-novedoso-sistema-de-riego","status":"publish","type":"post","link":"https:\/\/vecinosdelinterior.com\/index.php\/2024\/11\/01\/estudiantes-de-naschel-presentaron-un-novedoso-sistema-de-riego\/","title":{"rendered":"Estudiantes de Naschel presentaron un novedoso sistema de riego"},"content":{"rendered":"\n<p>Este proyecto, desarrollado como parte del programa IDEA, apunta a la optimizaci\u00f3n de la producci\u00f3n agr\u00edcola al tiempo que reduce el consumo h\u00eddrico y garantiza cultivos m\u00e1s saludables.<\/p>\n\n\n\n<p>El sistema de riego fue creado de modo conjunto por estudiantes de dos escuelas t\u00e9cnicas de Naschel y La Toma.<br>Como parte del programa IDEA, la directora de Desarrollo Productivo y Escuela, Daniela P\u00e1ez, visit\u00f3 la Escuela T\u00e9cnica N\u00ba1 \u2018Elena Ossola De Horas\u2019 de Naschel, donde los alumnos presentaron un proyecto de sistematizaci\u00f3n de riego para invern\u00e1culos de hortalizas, elaborado en conjunto con la Escuela T\u00e9cnica N\u00b028 \u2018Juan Mart\u00edn de Pueyrred\u00f3n\u2019, de La Toma.<\/p>\n\n\n\n<p>Durante la visita, los estudiantes expusieron con entusiasmo los objetivos y beneficios de su propuesta, que busca optimizar el uso del agua en el cultivo de hortalizas y arom\u00e1ticas. Este sistema no solo mejorar\u00e1 la producci\u00f3n agr\u00edcola, tambi\u00e9n permitir\u00e1 reducir el consumo h\u00eddrico y garantizar cultivos m\u00e1s saludables.<\/p>\n\n\n\n<p>\u201cEs inspirador ver c\u00f3mo los estudiantes aplican sus conocimientos para desarrollar soluciones pr\u00e1cticas que benefician tanto a su comunidad como al medioambiente. La sistematizaci\u00f3n del riego es un paso fundamental hacia una agricultura m\u00e1s sostenible\u201d, coment\u00f3 P\u00e1ez.<\/p>\n\n\n\n<p>La presentaci\u00f3n incluy\u00f3 un recorrido por las instalaciones de la escuela, donde los estudiantes compartieron explicaciones t\u00e9cnicas que evidencian el esfuerzo y dedicaci\u00f3n con la que han trabajado. La direcci\u00f3n de Desarrollo Productivo y Escuela reafirma su compromiso de fomentar la creatividad y el emprendimiento juvenil a trav\u00e9s del programa IDEA e invita a las escuelas ya inscriptas y presentar sus proyectos hasta el 15 de noviembre.<\/p>\n","protected":false},"excerpt":{"rendered":"<p>Este proyecto, desarrollado como parte del programa IDEA, apunta a la optimizaci\u00f3n de la producci\u00f3n agr\u00edcola al tiempo que reduce el consumo h\u00eddrico y garantiza cultivos m\u00e1s saludables. El sistema de riego fue creado de modo conjunto por estudiantes de dos escuelas t\u00e9cnicas de Naschel y La Toma.Como parte del programa IDEA, la directora de [&hellip;]<\/p>\n","protected":false},"author":1,"featured_media":2827,"comment_status":"open","ping_status":"open","sticky":false,"template":"","format":"standard","meta":{"footnotes":""},"categories":[29,91],"tags":[],"class_list":["post-2826","post","type-post","status-publish","format-standard","has-post-thumbnail","hentry","category-chacabuco","category-naschel"],"_links":{"self":[{"href":"https:\/\/vecinosdelinterior.com\/index.php\/wp-json\/wp\/v2\/posts\/2826","targetHints":{"allow":["GET"]}}],"collection":[{"href":"https:\/\/vecinosdelinterior.com\/index.php\/wp-json\/wp\/v2\/posts"}],"about":[{"href":"https:\/\/vecinosdelinterior.com\/index.php\/wp-json\/wp\/v2\/types\/post"}],"author":[{"embeddable":true,"href":"https:\/\/vecinosdelinterior.com\/index.php\/wp-json\/wp\/v2\/users\/1"}],"replies":[{"embeddable":true,"href":"https:\/\/vecinosdelinterior.com\/index.php\/wp-json\/wp\/v2\/comments?post=2826"}],"version-history":[{"count":1,"href":"https:\/\/vecinosdelinterior.com\/index.php\/wp-json\/wp\/v2\/posts\/2826\/revisions"}],"predecessor-version":[{"id":2828,"href":"https:\/\/vecinosdelinterior.com\/index.php\/wp-json\/wp\/v2\/posts\/2826\/revisions\/2828"}],"wp:featuredmedia":[{"embeddable":true,"href":"https:\/\/vecinosdelinterior.com\/index.php\/wp-json\/wp\/v2\/media\/2827"}],"wp:attachment":[{"href":"https:\/\/vecinosdelinterior.com\/index.php\/wp-json\/wp\/v2\/media?parent=2826"}],"wp:term":[{"taxonomy":"category","embeddable":true,"href":"https:\/\/vecinosdelinterior.com\/index.php\/wp-json\/wp\/v2\/categories?post=2826"},{"taxonomy":"post_tag","embeddable":true,"href":"https:\/\/vecinosdelinterior.com\/index.php\/wp-json\/wp\/v2\/tags?post=2826"}],"curies":[{"name":"wp","href":"https:\/\/api.w.org\/{rel}","templated":true}]}}