{"id":2829,"date":"2024-11-01T20:13:00","date_gmt":"2024-11-01T23:13:00","guid":{"rendered":"https:\/\/vecinosdelinterior.com\/?p=2829"},"modified":"2024-11-01T20:13:01","modified_gmt":"2024-11-01T23:13:01","slug":"buena-esperanza-renovara-su-edificio-municipal","status":"publish","type":"post","link":"https:\/\/vecinosdelinterior.com\/index.php\/2024\/11\/01\/buena-esperanza-renovara-su-edificio-municipal\/","title":{"rendered":"Buena Esperanza renovar\u00e1 su edificio municipal"},"content":{"rendered":"\n<p><\/p>\n\n\n\n<p>Ser\u00e1 a trav\u00e9s del acuerdo \u2018Construyendo con tu Pueblo\u2019, en conjunto con el Gobierno. La intendenta, Sof\u00eda Larroud\u00e9, tambi\u00e9n inform\u00f3 que cambiar\u00e1n los postes de luminaria p\u00fablica sobre la calle Mitre.<\/p>\n\n\n\n<p>El gobernador Claudio Poggi finaliz\u00f3 una nueva gira institucional, cl\u00e1sica de los viernes, esta vez en Buena Esperanza. En la \u00faltima actividad, la intendenta, Sof\u00eda Larroud\u00e9, inform\u00f3 que renovar\u00e1 la fachada y el interior del edificio municipal con fondos que surgen del acuerdo \u2018Construyendo con tu Pueblo\u2019, un trabajo conjunto entre la Municipalidad y el Estado provincial. La inversi\u00f3n superar\u00e1 los $69 millones y abarcar\u00e1 tambi\u00e9n el cambio de los postes de luminaria led que est\u00e1n ubicados sobre la calle Mitre.<\/p>\n\n\n\n<figure class=\"wp-block-gallery has-nested-images columns-default is-cropped wp-block-gallery-1 is-layout-flex wp-block-gallery-is-layout-flex\">\n<figure class=\"wp-block-image size-large\"><img fetchpriority=\"high\" decoding=\"async\" width=\"1024\" height=\"683\" data-id=\"2830\" src=\"https:\/\/vecinosdelinterior.com\/wp-content\/uploads\/2024\/11\/WhatsApp-Image-2024-11-01-at-16.02.08-1-2048x1365-1-1024x683.jpeg\" alt=\"\" class=\"wp-image-2830\" srcset=\"https:\/\/vecinosdelinterior.com\/wp-content\/uploads\/2024\/11\/WhatsApp-Image-2024-11-01-at-16.02.08-1-2048x1365-1-1024x683.jpeg 1024w, https:\/\/vecinosdelinterior.com\/wp-content\/uploads\/2024\/11\/WhatsApp-Image-2024-11-01-at-16.02.08-1-2048x1365-1-300x200.jpeg 300w, https:\/\/vecinosdelinterior.com\/wp-content\/uploads\/2024\/11\/WhatsApp-Image-2024-11-01-at-16.02.08-1-2048x1365-1-768x512.jpeg 768w, https:\/\/vecinosdelinterior.com\/wp-content\/uploads\/2024\/11\/WhatsApp-Image-2024-11-01-at-16.02.08-1-2048x1365-1-1536x1024.jpeg 1536w, https:\/\/vecinosdelinterior.com\/wp-content\/uploads\/2024\/11\/WhatsApp-Image-2024-11-01-at-16.02.08-1-2048x1365-1-750x500.jpeg 750w, https:\/\/vecinosdelinterior.com\/wp-content\/uploads\/2024\/11\/WhatsApp-Image-2024-11-01-at-16.02.08-1-2048x1365-1-1140x760.jpeg 1140w, https:\/\/vecinosdelinterior.com\/wp-content\/uploads\/2024\/11\/WhatsApp-Image-2024-11-01-at-16.02.08-1-2048x1365-1.jpeg 2048w\" sizes=\"(max-width: 1024px) 100vw, 1024px\" \/><\/figure>\n\n\n\n<figure class=\"wp-block-image size-large\"><img decoding=\"async\" width=\"1024\" height=\"683\" data-id=\"2831\" src=\"https:\/\/vecinosdelinterior.com\/wp-content\/uploads\/2024\/11\/WhatsApp-Image-2024-11-01-at-16.02.04-2048x1365-1-1024x683.jpeg\" alt=\"\" class=\"wp-image-2831\" srcset=\"https:\/\/vecinosdelinterior.com\/wp-content\/uploads\/2024\/11\/WhatsApp-Image-2024-11-01-at-16.02.04-2048x1365-1-1024x683.jpeg 1024w, https:\/\/vecinosdelinterior.com\/wp-content\/uploads\/2024\/11\/WhatsApp-Image-2024-11-01-at-16.02.04-2048x1365-1-300x200.jpeg 300w, https:\/\/vecinosdelinterior.com\/wp-content\/uploads\/2024\/11\/WhatsApp-Image-2024-11-01-at-16.02.04-2048x1365-1-768x512.jpeg 768w, https:\/\/vecinosdelinterior.com\/wp-content\/uploads\/2024\/11\/WhatsApp-Image-2024-11-01-at-16.02.04-2048x1365-1-1536x1024.jpeg 1536w, https:\/\/vecinosdelinterior.com\/wp-content\/uploads\/2024\/11\/WhatsApp-Image-2024-11-01-at-16.02.04-2048x1365-1-750x500.jpeg 750w, https:\/\/vecinosdelinterior.com\/wp-content\/uploads\/2024\/11\/WhatsApp-Image-2024-11-01-at-16.02.04-2048x1365-1-1140x760.jpeg 1140w, https:\/\/vecinosdelinterior.com\/wp-content\/uploads\/2024\/11\/WhatsApp-Image-2024-11-01-at-16.02.04-2048x1365-1.jpeg 2048w\" sizes=\"(max-width: 1024px) 100vw, 1024px\" \/><\/figure>\n<\/figure>\n\n\n\n<p>\u201cEstamos buscando jerarquizar el centro de la localidad y lo vamos a hacer en conjunto con el Gobierno. Queremos refaccionar la municipalidad para que sea un lugar agradable, un lugar en el que se pueda trabajar c\u00f3modamente. Queremos darle otra fachada\u201d, explic\u00f3 Larroud\u00e9.<\/p>\n\n\n\n<p>La Intendenta tambi\u00e9n aprovech\u00f3 la ocasi\u00f3n para agradecer la visita de Poggi y asegur\u00f3 que el convenio es una buena oportunidad para el crecimiento de la econom\u00eda local: \u201cEs importante y muy valorable que un Gobernador visite Buena Esperanza\u201d, dijo y a\u00f1adi\u00f3: \u201cEs una gran chance para reforzar la mano de obra local en un momento tan dif\u00edcil como el que estamos viviendo\u201d.<\/p>\n\n\n\n<p>Dentro del acuerdo que firmaron el Gobierno y el Municipio, el 30% del presupuesto deb\u00eda invertirse en el refuerzo de la luminaria p\u00fablica para combatir la inseguridad. En este caso, Larroud\u00e9 explic\u00f3 que lo destinar\u00e1n a la renovaci\u00f3n de los postes de luz de la avenida principal del pueblo. \u201cSi bien hoy la localidad cuenta con todo el alumbrado p\u00fablico led, vamos a cambiar las columnas, sacaremos los postes de palmera que se vienen usando hace a\u00f1os. Es una obra muy importante porque beneficiar\u00e1 a los barrios del sur, centro y norte\u201d, asegur\u00f3 la Jefa Comunal.<\/p>\n\n\n\n<p>Para cerrar la jornada, el Gobernador explic\u00f3 que firmaron el convenio a principios de este a\u00f1o y destac\u00f3 la iniciativa por parte de la Intendenta de trabajar juntos por el bien de la comunidad. \u201cVoy a volver a ver las obras y seguramente renovaremos en seis meses, si todo sale bien, para seguir haciendo obras p\u00fablicas juntos. Por eso lo hemos llamado \u2018Construyendo con tu Pueblo\u2019, manifest\u00f3.<\/p>\n","protected":false},"excerpt":{"rendered":"<p>Ser\u00e1 a trav\u00e9s del acuerdo \u2018Construyendo con tu Pueblo\u2019, en conjunto con el Gobierno. La intendenta, Sof\u00eda Larroud\u00e9, tambi\u00e9n inform\u00f3 que cambiar\u00e1n los postes de luminaria p\u00fablica sobre la calle Mitre. El gobernador Claudio Poggi finaliz\u00f3 una nueva gira institucional, cl\u00e1sica de los viernes, esta vez en Buena Esperanza. En la \u00faltima actividad, la intendenta, [&hellip;]<\/p>\n","protected":false},"author":1,"featured_media":2832,"comment_status":"open","ping_status":"open","sticky":false,"template":"","format":"standard","meta":{"footnotes":""},"categories":[18,16],"tags":[453],"class_list":["post-2829","post","type-post","status-publish","format-standard","has-post-thumbnail","hentry","category-buena-esperanza-dupuy","category-dupuy","tag-municipalidad-de-buena-esperanza"],"_links":{"self":[{"href":"https:\/\/vecinosdelinterior.com\/index.php\/wp-json\/wp\/v2\/posts\/2829","targetHints":{"allow":["GET"]}}],"collection":[{"href":"https:\/\/vecinosdelinterior.com\/index.php\/wp-json\/wp\/v2\/posts"}],"about":[{"href":"https:\/\/vecinosdelinterior.com\/index.php\/wp-json\/wp\/v2\/types\/post"}],"author":[{"embeddable":true,"href":"https:\/\/vecinosdelinterior.com\/index.php\/wp-json\/wp\/v2\/users\/1"}],"replies":[{"embeddable":true,"href":"https:\/\/vecinosdelinterior.com\/index.php\/wp-json\/wp\/v2\/comments?post=2829"}],"version-history":[{"count":1,"href":"https:\/\/vecinosdelinterior.com\/index.php\/wp-json\/wp\/v2\/posts\/2829\/revisions"}],"predecessor-version":[{"id":2833,"href":"https:\/\/vecinosdelinterior.com\/index.php\/wp-json\/wp\/v2\/posts\/2829\/revisions\/2833"}],"wp:featuredmedia":[{"embeddable":true,"href":"https:\/\/vecinosdelinterior.com\/index.php\/wp-json\/wp\/v2\/media\/2832"}],"wp:attachment":[{"href":"https:\/\/vecinosdelinterior.com\/index.php\/wp-json\/wp\/v2\/media?parent=2829"}],"wp:term":[{"taxonomy":"category","embeddable":true,"href":"https:\/\/vecinosdelinterior.com\/index.php\/wp-json\/wp\/v2\/categories?post=2829"},{"taxonomy":"post_tag","embeddable":true,"href":"https:\/\/vecinosdelinterior.com\/index.php\/wp-json\/wp\/v2\/tags?post=2829"}],"curies":[{"name":"wp","href":"https:\/\/api.w.org\/{rel}","templated":true}]}}