{"id":2860,"date":"2024-11-04T23:25:53","date_gmt":"2024-11-05T02:25:53","guid":{"rendered":"https:\/\/vecinosdelinterior.com\/?p=2860"},"modified":"2024-11-04T23:25:53","modified_gmt":"2024-11-05T02:25:53","slug":"cortaderas-villa-larcar-cortes-del-servicio-electrico-por-un-incendio-forestal","status":"publish","type":"post","link":"https:\/\/vecinosdelinterior.com\/index.php\/2024\/11\/04\/cortaderas-villa-larcar-cortes-del-servicio-electrico-por-un-incendio-forestal\/","title":{"rendered":"Cortaderas &#8211; Villa Larcar: CORTES DEL SERVICIO EL\u00c9CTRICO POR UN INCENDIO FORESTAL"},"content":{"rendered":"\n<p>Debido a incendios en la zona del norte provincial, una l\u00ednea media tensi\u00f3n queso fuera de servicio y afect\u00f3 toda la Ruta 1 desde Papagayos hasta Cortaderas.<br>El incendio forestal afect\u00f3 las instalaciones de media tensi\u00f3n y cort\u00f3 un cable.El servicio se normaliz\u00f3 casi en su totalidad.<\/p>\n\n\n\n<p>Solo queda sin servicio la zona de dique Piscuyacu y alrededores.<\/p>\n","protected":false},"excerpt":{"rendered":"<p>Debido a incendios en la zona del norte provincial, una l\u00ednea media tensi\u00f3n queso fuera de servicio y afect\u00f3 toda la Ruta 1 desde Papagayos hasta Cortaderas.El incendio forestal afect\u00f3 las instalaciones de media tensi\u00f3n y cort\u00f3 un cable.El servicio se normaliz\u00f3 casi en su totalidad. Solo queda sin servicio la zona de dique Piscuyacu [&hellip;]<\/p>\n","protected":false},"author":1,"featured_media":2861,"comment_status":"open","ping_status":"open","sticky":false,"template":"","format":"standard","meta":{"footnotes":""},"categories":[1],"tags":[],"class_list":["post-2860","post","type-post","status-publish","format-standard","has-post-thumbnail","hentry","category-blog"],"_links":{"self":[{"href":"https:\/\/vecinosdelinterior.com\/index.php\/wp-json\/wp\/v2\/posts\/2860","targetHints":{"allow":["GET"]}}],"collection":[{"href":"https:\/\/vecinosdelinterior.com\/index.php\/wp-json\/wp\/v2\/posts"}],"about":[{"href":"https:\/\/vecinosdelinterior.com\/index.php\/wp-json\/wp\/v2\/types\/post"}],"author":[{"embeddable":true,"href":"https:\/\/vecinosdelinterior.com\/index.php\/wp-json\/wp\/v2\/users\/1"}],"replies":[{"embeddable":true,"href":"https:\/\/vecinosdelinterior.com\/index.php\/wp-json\/wp\/v2\/comments?post=2860"}],"version-history":[{"count":1,"href":"https:\/\/vecinosdelinterior.com\/index.php\/wp-json\/wp\/v2\/posts\/2860\/revisions"}],"predecessor-version":[{"id":2862,"href":"https:\/\/vecinosdelinterior.com\/index.php\/wp-json\/wp\/v2\/posts\/2860\/revisions\/2862"}],"wp:featuredmedia":[{"embeddable":true,"href":"https:\/\/vecinosdelinterior.com\/index.php\/wp-json\/wp\/v2\/media\/2861"}],"wp:attachment":[{"href":"https:\/\/vecinosdelinterior.com\/index.php\/wp-json\/wp\/v2\/media?parent=2860"}],"wp:term":[{"taxonomy":"category","embeddable":true,"href":"https:\/\/vecinosdelinterior.com\/index.php\/wp-json\/wp\/v2\/categories?post=2860"},{"taxonomy":"post_tag","embeddable":true,"href":"https:\/\/vecinosdelinterior.com\/index.php\/wp-json\/wp\/v2\/tags?post=2860"}],"curies":[{"name":"wp","href":"https:\/\/api.w.org\/{rel}","templated":true}]}}