{"id":2863,"date":"2024-11-05T20:04:41","date_gmt":"2024-11-05T23:04:41","guid":{"rendered":"https:\/\/vecinosdelinterior.com\/?p=2863"},"modified":"2024-11-05T20:04:41","modified_gmt":"2024-11-05T23:04:41","slug":"pequenos-estudiantes-de-carpinteria-promueven-el-cuidado-de-las-aves-autoctonas","status":"publish","type":"post","link":"https:\/\/vecinosdelinterior.com\/index.php\/2024\/11\/05\/pequenos-estudiantes-de-carpinteria-promueven-el-cuidado-de-las-aves-autoctonas\/","title":{"rendered":"Peque\u00f1os estudiantes de Carpinter\u00eda promueven el cuidado de las aves aut\u00f3ctonas"},"content":{"rendered":"\n<p><\/p>\n\n\n\n<p>Durante todo el a\u00f1o, miles de turistas eligen recorrer la Costa de Comechingones y sumarse a las distintas propuestas que ofrecen los espacios que se ubican al pie de las majestuosas sierras en el departamento Jun\u00edn. Carpinter\u00eda, ubicada a 8 kil\u00f3metros de la Villa de Merlo, es una de las localidades m\u00e1s visitadas por su riqueza cultural, su patrimonio natural, su flora y fauna nativa.<\/p>\n\n\n\n<p>En relaci\u00f3n a la importancia de adquirir conciencia ambiental en el cuidado de la naturaleza, alumnos de la sala de 5 a\u00f1os de la Escuela N\u00b0159 \u2018Provincia de Jujuy\u2019, ubicada en Carpinter\u00eda, impulsaron un importante proyecto ambiental, que convoca a sus estudiantes a participar en actividades pr\u00e1cticas sobre la fauna local, sumando adem\u00e1s a la comunidad a elegir el ave insignia del pueblo a trav\u00e9s de una votaci\u00f3n.<\/p>\n\n\n\n<figure class=\"wp-block-gallery has-nested-images columns-default is-cropped wp-block-gallery-1 is-layout-flex wp-block-gallery-is-layout-flex\">\n<figure class=\"wp-block-image size-large\"><img fetchpriority=\"high\" decoding=\"async\" width=\"1024\" height=\"1024\" data-id=\"2864\" src=\"https:\/\/vecinosdelinterior.com\/wp-content\/uploads\/2024\/11\/WhatsApp-Image-2024-11-01-at-16.08.13-1024x1024.jpeg\" alt=\"\" class=\"wp-image-2864\" srcset=\"https:\/\/vecinosdelinterior.com\/wp-content\/uploads\/2024\/11\/WhatsApp-Image-2024-11-01-at-16.08.13-1024x1024.jpeg 1024w, https:\/\/vecinosdelinterior.com\/wp-content\/uploads\/2024\/11\/WhatsApp-Image-2024-11-01-at-16.08.13-300x300.jpeg 300w, https:\/\/vecinosdelinterior.com\/wp-content\/uploads\/2024\/11\/WhatsApp-Image-2024-11-01-at-16.08.13-150x150.jpeg 150w, https:\/\/vecinosdelinterior.com\/wp-content\/uploads\/2024\/11\/WhatsApp-Image-2024-11-01-at-16.08.13-768x768.jpeg 768w, https:\/\/vecinosdelinterior.com\/wp-content\/uploads\/2024\/11\/WhatsApp-Image-2024-11-01-at-16.08.13-75x75.jpeg 75w, https:\/\/vecinosdelinterior.com\/wp-content\/uploads\/2024\/11\/WhatsApp-Image-2024-11-01-at-16.08.13-750x750.jpeg 750w, https:\/\/vecinosdelinterior.com\/wp-content\/uploads\/2024\/11\/WhatsApp-Image-2024-11-01-at-16.08.13-1140x1140.jpeg 1140w, https:\/\/vecinosdelinterior.com\/wp-content\/uploads\/2024\/11\/WhatsApp-Image-2024-11-01-at-16.08.13.jpeg 1280w\" sizes=\"(max-width: 1024px) 100vw, 1024px\" \/><\/figure>\n\n\n\n<figure class=\"wp-block-image size-large\"><img decoding=\"async\" width=\"1024\" height=\"683\" data-id=\"2866\" src=\"https:\/\/vecinosdelinterior.com\/wp-content\/uploads\/2024\/11\/WhatsApp-Image-2024-11-01-at-16.10.40-1024x683.jpeg\" alt=\"\" class=\"wp-image-2866\" srcset=\"https:\/\/vecinosdelinterior.com\/wp-content\/uploads\/2024\/11\/WhatsApp-Image-2024-11-01-at-16.10.40-1024x683.jpeg 1024w, https:\/\/vecinosdelinterior.com\/wp-content\/uploads\/2024\/11\/WhatsApp-Image-2024-11-01-at-16.10.40-300x200.jpeg 300w, https:\/\/vecinosdelinterior.com\/wp-content\/uploads\/2024\/11\/WhatsApp-Image-2024-11-01-at-16.10.40-768x512.jpeg 768w, https:\/\/vecinosdelinterior.com\/wp-content\/uploads\/2024\/11\/WhatsApp-Image-2024-11-01-at-16.10.40-1536x1024.jpeg 1536w, https:\/\/vecinosdelinterior.com\/wp-content\/uploads\/2024\/11\/WhatsApp-Image-2024-11-01-at-16.10.40-750x500.jpeg 750w, https:\/\/vecinosdelinterior.com\/wp-content\/uploads\/2024\/11\/WhatsApp-Image-2024-11-01-at-16.10.40-1140x760.jpeg 1140w, https:\/\/vecinosdelinterior.com\/wp-content\/uploads\/2024\/11\/WhatsApp-Image-2024-11-01-at-16.10.40.jpeg 1600w\" sizes=\"(max-width: 1024px) 100vw, 1024px\" \/><\/figure>\n\n\n\n<figure class=\"wp-block-image size-large\"><img decoding=\"async\" width=\"1024\" height=\"683\" data-id=\"2865\" src=\"https:\/\/vecinosdelinterior.com\/wp-content\/uploads\/2024\/11\/WhatsApp-Image-2024-11-01-at-16.10.41-1-1024x683.jpeg\" alt=\"\" class=\"wp-image-2865\" srcset=\"https:\/\/vecinosdelinterior.com\/wp-content\/uploads\/2024\/11\/WhatsApp-Image-2024-11-01-at-16.10.41-1-1024x683.jpeg 1024w, https:\/\/vecinosdelinterior.com\/wp-content\/uploads\/2024\/11\/WhatsApp-Image-2024-11-01-at-16.10.41-1-300x200.jpeg 300w, https:\/\/vecinosdelinterior.com\/wp-content\/uploads\/2024\/11\/WhatsApp-Image-2024-11-01-at-16.10.41-1-768x512.jpeg 768w, https:\/\/vecinosdelinterior.com\/wp-content\/uploads\/2024\/11\/WhatsApp-Image-2024-11-01-at-16.10.41-1-1536x1024.jpeg 1536w, https:\/\/vecinosdelinterior.com\/wp-content\/uploads\/2024\/11\/WhatsApp-Image-2024-11-01-at-16.10.41-1-750x500.jpeg 750w, https:\/\/vecinosdelinterior.com\/wp-content\/uploads\/2024\/11\/WhatsApp-Image-2024-11-01-at-16.10.41-1-1140x760.jpeg 1140w, https:\/\/vecinosdelinterior.com\/wp-content\/uploads\/2024\/11\/WhatsApp-Image-2024-11-01-at-16.10.41-1.jpeg 1600w\" sizes=\"(max-width: 1024px) 100vw, 1024px\" \/><\/figure>\n<\/figure>\n\n\n\n<p>La propuesta que cuenta con el acompa\u00f1amiento de los docentes de la instituci\u00f3n, tiene como objetivo concientizar acerca del cuidado, la protecci\u00f3n y revalorizaci\u00f3n de la naturaleza local, su flora y su fauna. Este gran impulsor gener\u00f3 un arduo trabajo, por un lado estudiantes del nivel Secundario crearon un documento que cont\u00f3 con diferentes etapas, las salidas de campo para observar y recolectar informaci\u00f3n sobre las particularidades, el crecimiento y desarrollo de algunas especies m\u00e1s caracter\u00edsticas de la regi\u00f3n como por ejemplo el algarrobo blanco, el cha\u00f1ar, el espinillo, el peje, el quebracho blanco y el tabaquillo.<\/p>\n\n\n\n<p>Por otro lado la iniciativa, pens\u00f3 actividades para los m\u00e1s peque\u00f1os vinculadas al avistaje de aves, que incluy\u00f3 un concurso de fotograf\u00eda y un cierre que invita a la participaci\u00f3n de los vecinos: la elecci\u00f3n del ave insignia de Carpinter\u00eda.<\/p>\n\n\n\n<p>Las docentes Daniela Cecchi y Marisol Arias explicaron que bajo el nombre de \u2018Cuando uno conoce, ama; y cuando ama, cuida\u2019, buscaron generar actividades que motiven a los estudiantes a desconectarse de las pantallas para observar la naturaleza que los rodea. La din\u00e1mica consisti\u00f3 en que cada alumno del nivel Inicial, acompa\u00f1ado de su familia, seleccione una especie de ave para investigar y realizar un video, mientras que los estudiantes de secundaria colaboraron en la redacci\u00f3n de un libro con vocabulario accesible, pensado para toda la comunidad.<\/p>\n\n\n\n<p>El proceso de votaci\u00f3n, tanto virtual como presencial, para elegir el ave representativa de Carpinter\u00eda comenz\u00f3 el 1\u00b0 de noviembre y se extiende hasta el 1\u00b0 de diciembre. Los interesados pueden participar a trav\u00e9s de este enlace y elegir uno de los 30 ejemplares presentados.<\/p>\n","protected":false},"excerpt":{"rendered":"<p>Durante todo el a\u00f1o, miles de turistas eligen recorrer la Costa de Comechingones y sumarse a las distintas propuestas que ofrecen los espacios que se ubican al pie de las majestuosas sierras en el departamento Jun\u00edn. Carpinter\u00eda, ubicada a 8 kil\u00f3metros de la Villa de Merlo, es una de las localidades m\u00e1s visitadas por su [&hellip;]<\/p>\n","protected":false},"author":1,"featured_media":2865,"comment_status":"open","ping_status":"open","sticky":false,"template":"","format":"standard","meta":{"footnotes":""},"categories":[75,23],"tags":[176],"class_list":["post-2863","post","type-post","status-publish","format-standard","has-post-thumbnail","hentry","category-carpinteria","category-junin","tag-medioambiente"],"_links":{"self":[{"href":"https:\/\/vecinosdelinterior.com\/index.php\/wp-json\/wp\/v2\/posts\/2863","targetHints":{"allow":["GET"]}}],"collection":[{"href":"https:\/\/vecinosdelinterior.com\/index.php\/wp-json\/wp\/v2\/posts"}],"about":[{"href":"https:\/\/vecinosdelinterior.com\/index.php\/wp-json\/wp\/v2\/types\/post"}],"author":[{"embeddable":true,"href":"https:\/\/vecinosdelinterior.com\/index.php\/wp-json\/wp\/v2\/users\/1"}],"replies":[{"embeddable":true,"href":"https:\/\/vecinosdelinterior.com\/index.php\/wp-json\/wp\/v2\/comments?post=2863"}],"version-history":[{"count":1,"href":"https:\/\/vecinosdelinterior.com\/index.php\/wp-json\/wp\/v2\/posts\/2863\/revisions"}],"predecessor-version":[{"id":2867,"href":"https:\/\/vecinosdelinterior.com\/index.php\/wp-json\/wp\/v2\/posts\/2863\/revisions\/2867"}],"wp:featuredmedia":[{"embeddable":true,"href":"https:\/\/vecinosdelinterior.com\/index.php\/wp-json\/wp\/v2\/media\/2865"}],"wp:attachment":[{"href":"https:\/\/vecinosdelinterior.com\/index.php\/wp-json\/wp\/v2\/media?parent=2863"}],"wp:term":[{"taxonomy":"category","embeddable":true,"href":"https:\/\/vecinosdelinterior.com\/index.php\/wp-json\/wp\/v2\/categories?post=2863"},{"taxonomy":"post_tag","embeddable":true,"href":"https:\/\/vecinosdelinterior.com\/index.php\/wp-json\/wp\/v2\/tags?post=2863"}],"curies":[{"name":"wp","href":"https:\/\/api.w.org\/{rel}","templated":true}]}}