{"id":2868,"date":"2024-11-05T20:07:00","date_gmt":"2024-11-05T23:07:00","guid":{"rendered":"https:\/\/vecinosdelinterior.com\/?p=2868"},"modified":"2024-11-05T20:08:59","modified_gmt":"2024-11-05T23:08:59","slug":"buscan-mejorar-el-tratamiento-legislativo-de-los-presupuestos-de-los-municipios-comisionados","status":"publish","type":"post","link":"https:\/\/vecinosdelinterior.com\/index.php\/2024\/11\/05\/buscan-mejorar-el-tratamiento-legislativo-de-los-presupuestos-de-los-municipios-comisionados\/","title":{"rendered":"Buscan mejorar el tratamiento legislativo de los presupuestos de los municipios comisionados"},"content":{"rendered":"\n<p><\/p>\n\n\n\n<p>En el encuentro, funcionarios y diputados analizaron c\u00f3mo perfeccionar el mecanismo a partir del ejercicio 2025, con el prop\u00f3sito de que brinden mayor transparencia y mejoren la calidad institucional.<\/p>\n\n\n\n<p>La direcci\u00f3n de Asuntos Municipales se reuni\u00f3 con la Comisi\u00f3n de Finanzas, Obras P\u00fablicas y Econom\u00eda de la C\u00e1mara de Diputados. Entre los cambios propuestos, se destaca la inclusi\u00f3n de mayores especificaciones en los presupuestos y actualizaci\u00f3n de los procesos.<\/p>\n\n\n\n<p>Durante el intercambio, los legisladores fueron informados sobre el trabajo que realiza la Direcci\u00f3n con las 42 intendencias comisionadas. Adem\u00e1s, se dieron a conocer los criterios de evaluaci\u00f3n, para poder emitir el dictamen.<\/p>\n\n\n\n<figure class=\"wp-block-image size-full\"><img fetchpriority=\"high\" decoding=\"async\" width=\"900\" height=\"600\" src=\"https:\/\/vecinosdelinterior.com\/wp-content\/uploads\/2024\/11\/003-1-900x600-1.jpg\" alt=\"\" class=\"wp-image-2869\" srcset=\"https:\/\/vecinosdelinterior.com\/wp-content\/uploads\/2024\/11\/003-1-900x600-1.jpg 900w, https:\/\/vecinosdelinterior.com\/wp-content\/uploads\/2024\/11\/003-1-900x600-1-300x200.jpg 300w, https:\/\/vecinosdelinterior.com\/wp-content\/uploads\/2024\/11\/003-1-900x600-1-768x512.jpg 768w, https:\/\/vecinosdelinterior.com\/wp-content\/uploads\/2024\/11\/003-1-900x600-1-750x500.jpg 750w\" sizes=\"(max-width: 900px) 100vw, 900px\" \/><\/figure>\n","protected":false},"excerpt":{"rendered":"<p>En el encuentro, funcionarios y diputados analizaron c\u00f3mo perfeccionar el mecanismo a partir del ejercicio 2025, con el prop\u00f3sito de que brinden mayor transparencia y mejoren la calidad institucional. La direcci\u00f3n de Asuntos Municipales se reuni\u00f3 con la Comisi\u00f3n de Finanzas, Obras P\u00fablicas y Econom\u00eda de la C\u00e1mara de Diputados. Entre los cambios propuestos, se [&hellip;]<\/p>\n","protected":false},"author":1,"featured_media":2869,"comment_status":"open","ping_status":"open","sticky":false,"template":"","format":"standard","meta":{"footnotes":""},"categories":[1],"tags":[],"class_list":["post-2868","post","type-post","status-publish","format-standard","has-post-thumbnail","hentry","category-blog"],"_links":{"self":[{"href":"https:\/\/vecinosdelinterior.com\/index.php\/wp-json\/wp\/v2\/posts\/2868","targetHints":{"allow":["GET"]}}],"collection":[{"href":"https:\/\/vecinosdelinterior.com\/index.php\/wp-json\/wp\/v2\/posts"}],"about":[{"href":"https:\/\/vecinosdelinterior.com\/index.php\/wp-json\/wp\/v2\/types\/post"}],"author":[{"embeddable":true,"href":"https:\/\/vecinosdelinterior.com\/index.php\/wp-json\/wp\/v2\/users\/1"}],"replies":[{"embeddable":true,"href":"https:\/\/vecinosdelinterior.com\/index.php\/wp-json\/wp\/v2\/comments?post=2868"}],"version-history":[{"count":1,"href":"https:\/\/vecinosdelinterior.com\/index.php\/wp-json\/wp\/v2\/posts\/2868\/revisions"}],"predecessor-version":[{"id":2870,"href":"https:\/\/vecinosdelinterior.com\/index.php\/wp-json\/wp\/v2\/posts\/2868\/revisions\/2870"}],"wp:featuredmedia":[{"embeddable":true,"href":"https:\/\/vecinosdelinterior.com\/index.php\/wp-json\/wp\/v2\/media\/2869"}],"wp:attachment":[{"href":"https:\/\/vecinosdelinterior.com\/index.php\/wp-json\/wp\/v2\/media?parent=2868"}],"wp:term":[{"taxonomy":"category","embeddable":true,"href":"https:\/\/vecinosdelinterior.com\/index.php\/wp-json\/wp\/v2\/categories?post=2868"},{"taxonomy":"post_tag","embeddable":true,"href":"https:\/\/vecinosdelinterior.com\/index.php\/wp-json\/wp\/v2\/tags?post=2868"}],"curies":[{"name":"wp","href":"https:\/\/api.w.org\/{rel}","templated":true}]}}