{"id":2890,"date":"2024-11-07T15:40:33","date_gmt":"2024-11-07T18:40:33","guid":{"rendered":"https:\/\/vecinosdelinterior.com\/?p=2890"},"modified":"2024-11-07T15:40:33","modified_gmt":"2024-11-07T18:40:33","slug":"los-manantiales-celebra-146-anos-desde-su-fundacion-con-una-vigilia","status":"publish","type":"post","link":"https:\/\/vecinosdelinterior.com\/index.php\/2024\/11\/07\/los-manantiales-celebra-146-anos-desde-su-fundacion-con-una-vigilia\/","title":{"rendered":"Los Manantiales celebra 146 a\u00f1os desde su fundaci\u00f3n con una vigilia"},"content":{"rendered":"\n<p>El viernes 8 a partir de las 20:00, en el Polideportivo Municipal de la localidad del departamento Belgrano, vecinos del pueblo y parajes aleda\u00f1os compartir\u00e1n una cena y homenaje a las madres.<\/p>\n\n\n\n<p><strong>La localidad cabecera del departamento Belgrano celebra 146 a\u00f1os de vida.<br><\/strong>Los Manantiales festejar\u00e1 su 146\u00b0 aniversario con una vigilia, con una cena-brindis. Vecinos de la localidad y parajes aleda\u00f1os, adem\u00e1s, podr\u00e1n disfrutar de n\u00fameros art\u00edsticos para homenajear a las madres y un brindis con una torta a la hora 00:00 del 9 de noviembre. Posteriormente, en la tarde del s\u00e1bado, en la capilla Nuestra Se\u00f1ora del Carmen se realizar\u00e1 una misa y el sacramento de la confirmaci\u00f3n.<\/p>\n\n\n\n<p>Esta localidad es cabecera del departamento Belgrano. Est\u00e1 ubicada en el noroeste de la provincia de San Luis, a 74 kil\u00f3metros de San Luis capital, por ruta nacional 147. El paraje llev\u00f3 el nombre Los Manantiales hasta 1878, cuando se expropiaron tierras para la fundaci\u00f3n del poblado que luego se llam\u00f3 Villa General Roca. En 2018 se le restituy\u00f3 su nombre original.<\/p>\n\n\n\n<figure class=\"wp-block-gallery has-nested-images columns-default is-cropped wp-block-gallery-1 is-layout-flex wp-block-gallery-is-layout-flex\">\n<figure class=\"wp-block-image size-large\"><img fetchpriority=\"high\" decoding=\"async\" width=\"599\" height=\"400\" data-id=\"2892\" src=\"https:\/\/vecinosdelinterior.com\/wp-content\/uploads\/2024\/11\/LOS-MANANTIALES-1.jpeg\" alt=\"\" class=\"wp-image-2892\" srcset=\"https:\/\/vecinosdelinterior.com\/wp-content\/uploads\/2024\/11\/LOS-MANANTIALES-1.jpeg 599w, https:\/\/vecinosdelinterior.com\/wp-content\/uploads\/2024\/11\/LOS-MANANTIALES-1-300x200.jpeg 300w\" sizes=\"(max-width: 599px) 100vw, 599px\" \/><\/figure>\n\n\n\n<figure class=\"wp-block-image size-large\"><img decoding=\"async\" width=\"952\" height=\"1024\" data-id=\"2893\" src=\"https:\/\/vecinosdelinterior.com\/wp-content\/uploads\/2024\/11\/LOS-MANANTIALES-5-2-952x1024.jpeg\" alt=\"\" class=\"wp-image-2893\" srcset=\"https:\/\/vecinosdelinterior.com\/wp-content\/uploads\/2024\/11\/LOS-MANANTIALES-5-2-952x1024.jpeg 952w, https:\/\/vecinosdelinterior.com\/wp-content\/uploads\/2024\/11\/LOS-MANANTIALES-5-2-279x300.jpeg 279w, https:\/\/vecinosdelinterior.com\/wp-content\/uploads\/2024\/11\/LOS-MANANTIALES-5-2-768x826.jpeg 768w, https:\/\/vecinosdelinterior.com\/wp-content\/uploads\/2024\/11\/LOS-MANANTIALES-5-2-1428x1536.jpeg 1428w, https:\/\/vecinosdelinterior.com\/wp-content\/uploads\/2024\/11\/LOS-MANANTIALES-5-2-750x807.jpeg 750w, https:\/\/vecinosdelinterior.com\/wp-content\/uploads\/2024\/11\/LOS-MANANTIALES-5-2-1140x1227.jpeg 1140w, https:\/\/vecinosdelinterior.com\/wp-content\/uploads\/2024\/11\/LOS-MANANTIALES-5-2.jpeg 1487w\" sizes=\"(max-width: 952px) 100vw, 952px\" \/><\/figure>\n\n\n\n<figure class=\"wp-block-image size-large\"><img decoding=\"async\" width=\"720\" height=\"535\" data-id=\"2891\" src=\"https:\/\/vecinosdelinterior.com\/wp-content\/uploads\/2024\/11\/LOS-MANANTIALES-7-1.jpeg\" alt=\"\" class=\"wp-image-2891\" srcset=\"https:\/\/vecinosdelinterior.com\/wp-content\/uploads\/2024\/11\/LOS-MANANTIALES-7-1.jpeg 720w, https:\/\/vecinosdelinterior.com\/wp-content\/uploads\/2024\/11\/LOS-MANANTIALES-7-1-300x223.jpeg 300w\" sizes=\"(max-width: 720px) 100vw, 720px\" \/><\/figure>\n\n\n\n<figure class=\"wp-block-image size-large\"><img loading=\"lazy\" decoding=\"async\" width=\"1024\" height=\"328\" data-id=\"2894\" src=\"https:\/\/vecinosdelinterior.com\/wp-content\/uploads\/2024\/11\/LOS-MANANTIALES-6-1024x328.jpeg\" alt=\"\" class=\"wp-image-2894\" srcset=\"https:\/\/vecinosdelinterior.com\/wp-content\/uploads\/2024\/11\/LOS-MANANTIALES-6-1024x328.jpeg 1024w, https:\/\/vecinosdelinterior.com\/wp-content\/uploads\/2024\/11\/LOS-MANANTIALES-6-300x96.jpeg 300w, https:\/\/vecinosdelinterior.com\/wp-content\/uploads\/2024\/11\/LOS-MANANTIALES-6-768x246.jpeg 768w, https:\/\/vecinosdelinterior.com\/wp-content\/uploads\/2024\/11\/LOS-MANANTIALES-6-1536x492.jpeg 1536w, https:\/\/vecinosdelinterior.com\/wp-content\/uploads\/2024\/11\/LOS-MANANTIALES-6-750x240.jpeg 750w, https:\/\/vecinosdelinterior.com\/wp-content\/uploads\/2024\/11\/LOS-MANANTIALES-6-1140x366.jpeg 1140w, https:\/\/vecinosdelinterior.com\/wp-content\/uploads\/2024\/11\/LOS-MANANTIALES-6.jpeg 1600w\" sizes=\"(max-width: 1024px) 100vw, 1024px\" \/><\/figure>\n<\/figure>\n\n\n\n<p><strong>Lugares para visitar<\/strong><\/p>\n\n\n\n<p>Uno de los espacios para conocer es el embalse \u2018Villa General Roca\u2019, donde se practica la pesca deportiva. Tiene instalados unos g\u00e9iseres para oxigenar el agua y crear bellos efectos visuales. Matizado por luminarias nocturnas que permiten ver el despliegue de aguas danzantes sobre el espejo natural, est\u00e1 enmarcado en un atractivo paisaje serrano. Fue construido en 1955 sobre el r\u00edo Amieva, cuyas nacientes est\u00e1n en \u2018Pampa de los Corrales\u2019, sobre la falda oriental del cerro Monigote, que atraviesa las serran\u00edas por una quebrada y desemboca en el dique.<\/p>\n\n\n\n<p><strong>Reivindicaci\u00f3n hist\u00f3rica al general Manuel Belgrano<\/strong><\/p>\n\n\n\n<p>En la intersecci\u00f3n de la ruta nacional 146 y Toro Negro se eleva el Monumento a la Bandera, obra que reivindica al creador de la ense\u00f1a patria, Manuel Belgrano. El m\u00e1stil, de 60 metros de altura est\u00e1 sostenido por cuatro estandartes de hormig\u00f3n de 20 metros, que representan a los cuatro municipios del departamento: La Calera, Nogol\u00ed, Villa de la Quebrada y Los Manantiales. Sostiene una bandera de 10 metros de largo por 5,8 metros de ancho. Cuenta con anfiteatro, ba\u00f1os y huerta. La entrada es gratuita.<\/p>\n\n\n\n<p><strong>Templo de Nuestra Se\u00f1ora del Carmen<\/strong><\/p>\n\n\n\n<p>Fue construido por Francisca Sosa de N\u00fa\u00f1ez, como parte de una promesa que le hizo a la Virgen. En 1935, el monse\u00f1or Tibiletti aprob\u00f3 la Comisi\u00f3n pro-templo. Tambi\u00e9n existe un inventario de la capilla desde 1940 en el Archivo Diocesano, lo que indica que para ese a\u00f1o ya estaba bendecida e inaugurada.<\/p>\n","protected":false},"excerpt":{"rendered":"<p>El viernes 8 a partir de las 20:00, en el Polideportivo Municipal de la localidad del departamento Belgrano, vecinos del pueblo y parajes aleda\u00f1os compartir\u00e1n una cena y homenaje a las madres. La localidad cabecera del departamento Belgrano celebra 146 a\u00f1os de vida.Los Manantiales festejar\u00e1 su 146\u00b0 aniversario con una vigilia, con una cena-brindis. Vecinos [&hellip;]<\/p>\n","protected":false},"author":1,"featured_media":2894,"comment_status":"open","ping_status":"open","sticky":false,"template":"","format":"standard","meta":{"footnotes":""},"categories":[92,381],"tags":[391,175],"class_list":["post-2890","post","type-post","status-publish","format-standard","has-post-thumbnail","hentry","category-belgrano","category-los-manantiales","tag-eventos","tag-turismo"],"_links":{"self":[{"href":"https:\/\/vecinosdelinterior.com\/index.php\/wp-json\/wp\/v2\/posts\/2890","targetHints":{"allow":["GET"]}}],"collection":[{"href":"https:\/\/vecinosdelinterior.com\/index.php\/wp-json\/wp\/v2\/posts"}],"about":[{"href":"https:\/\/vecinosdelinterior.com\/index.php\/wp-json\/wp\/v2\/types\/post"}],"author":[{"embeddable":true,"href":"https:\/\/vecinosdelinterior.com\/index.php\/wp-json\/wp\/v2\/users\/1"}],"replies":[{"embeddable":true,"href":"https:\/\/vecinosdelinterior.com\/index.php\/wp-json\/wp\/v2\/comments?post=2890"}],"version-history":[{"count":1,"href":"https:\/\/vecinosdelinterior.com\/index.php\/wp-json\/wp\/v2\/posts\/2890\/revisions"}],"predecessor-version":[{"id":2895,"href":"https:\/\/vecinosdelinterior.com\/index.php\/wp-json\/wp\/v2\/posts\/2890\/revisions\/2895"}],"wp:featuredmedia":[{"embeddable":true,"href":"https:\/\/vecinosdelinterior.com\/index.php\/wp-json\/wp\/v2\/media\/2894"}],"wp:attachment":[{"href":"https:\/\/vecinosdelinterior.com\/index.php\/wp-json\/wp\/v2\/media?parent=2890"}],"wp:term":[{"taxonomy":"category","embeddable":true,"href":"https:\/\/vecinosdelinterior.com\/index.php\/wp-json\/wp\/v2\/categories?post=2890"},{"taxonomy":"post_tag","embeddable":true,"href":"https:\/\/vecinosdelinterior.com\/index.php\/wp-json\/wp\/v2\/tags?post=2890"}],"curies":[{"name":"wp","href":"https:\/\/api.w.org\/{rel}","templated":true}]}}