{"id":2899,"date":"2024-11-07T16:45:24","date_gmt":"2024-11-07T19:45:24","guid":{"rendered":"https:\/\/vecinosdelinterior.com\/?p=2899"},"modified":"2024-11-07T17:05:44","modified_gmt":"2024-11-07T20:05:44","slug":"la-intendenta-de-buena-esperanza-hizo-extensiva-la-invitacion-al-46o-festival-provincial-de-la-tradicion","status":"publish","type":"post","link":"https:\/\/vecinosdelinterior.com\/index.php\/2024\/11\/07\/la-intendenta-de-buena-esperanza-hizo-extensiva-la-invitacion-al-46o-festival-provincial-de-la-tradicion\/","title":{"rendered":"La intendenta de Buena Esperanza hizo extensiva la invitaci\u00f3n al 46\u00ba Festival Provincial de la Tradici\u00f3n"},"content":{"rendered":"\n<p>En un gran esfuerzo de toda la comunidad y el municipio, Buena Esperanza vivir\u00e1 una festival de pura tradici\u00f3n y de encuentro.<\/p>\n\n\n\n<p>A trav\u00e9s de las redes sociales, Sof\u00eda Larroud\u00e9, intendenta de la mencionada localidad resalt\u00f3 que \u00abya se vive un clima de fiesta en Buena Esperanza porque nos preparamos para la 46\u00ba Fiesta de la Tradici\u00f3n\u00bb, y agreg\u00f3 que \u00abeste a\u00f1o se decidi\u00f3 hacer el evento al aire libre para colaborar la econom\u00eda zonal porque entendemos que es un momento dif\u00edcil para nuestros comerciantes para nuestros emprendedores\u00bb.<\/p>\n\n\n\n<p>En cuanto a las actividades que se realizar\u00e1n en tal evento, Larroud\u00e9 remarc\u00f3 que \u00bb el d\u00eda viernes se llevar\u00e1n a cabo con normalidad, tanto la marat\u00f3n, como la Expo Tradici\u00f3n y el festival se realizar\u00e1n en Plaza Sarmiento. El s\u00e1bado hemos tenido una peque\u00f1a reprogramaci\u00f3n en el horario del desfile porque entendemos que es mucho el trabajo que realizan los docentes, los padres y los ni\u00f1os tambi\u00e9n y todas aquellas instituciones que participan en el desfile, y ser\u00eda una l\u00e1stima tener que suspenderlo por cuestiones clim\u00e1ticas\u00bb.<\/p>\n\n\n\n<p>Por \u00faltimo, en su mensaje la jefa comunal hizo extensiva la invitaci\u00f3n a toda la comunidad y a quien quiera acercarse de cualquier punto de la provincia y provincias vecinas \u00abEsperamos ver la plaza y el campo de doma llenos. Sabemos que es un momento social y econ\u00f3mico dif\u00edcil, pero entendemos es importante seguir llevando adelante esta fiesta que se ha realizado de manera ininterrumpida por tantos a\u00f1os\u00bb.<\/p>\n\n\n\n<figure class=\"wp-block-image size-full is-resized\"><a href=\"https:\/\/www.facebook.com\/share\/v\/1B8hjwXGiV\/\" target=\"_blank\" rel=\"noreferrer noopener\"><img fetchpriority=\"high\" decoding=\"async\" src=\"https:\/\/vecinosdelinterior.com\/wp-content\/uploads\/2024\/11\/7-11-2024-16-14-34-1.jpg\" alt=\"\" class=\"wp-image-2901\" width=\"290\" height=\"450\" srcset=\"https:\/\/vecinosdelinterior.com\/wp-content\/uploads\/2024\/11\/7-11-2024-16-14-34-1.jpg 503w, https:\/\/vecinosdelinterior.com\/wp-content\/uploads\/2024\/11\/7-11-2024-16-14-34-1-193x300.jpg 193w\" sizes=\"(max-width: 290px) 100vw, 290px\" \/><\/a><\/figure>\n\n\n\n<p><strong>Sobre el evento<\/strong><\/p>\n\n\n\n<p>Ser\u00e1n 3 d\u00edas a pura celebraci\u00f3n, viernes 08, s\u00e1bado 09 y domingo 10 de noviembre.<\/p>\n\n\n\n<p>Arranca el viernes 08 con una EXPO TRADICI\u00d3N desde las 19 hs. en la Plaza saludable donde Empresas, Comercios, Emprendedores, Patio de comidas y show en vivo \u2013 (ENTRADA LIBREY GRATUITA a este evento )<\/p>\n\n\n\n<figure class=\"wp-block-image\"><a href=\"https:\/\/vecinosdelinterior.com\/index.php\/2024\/10\/28\/la-gran-fiesta-de-la-tradicion-se-vivira-en-buena-esperanza-mira-la-grilla\/\"><img decoding=\"async\" src=\"https:\/\/vecinosdelinterior.com\/wp-content\/uploads\/2023\/08\/970x90.jpg\" alt=\"\"\/><\/a><\/figure>\n\n\n\n<p>Luego, el s\u00e1bado 09 de noviembre comienzan las pruebas de riendas y jineteadas desde las 14 hs. Tambi\u00e9n con entrada libre y gratuita. Tambi\u00e9n habr\u00e1 desfile con un cierre folcl\u00f3rico en plaza Sarmiento.<\/p>\n\n\n\n<p>El Domingo, desde muy temprano se abrir\u00e1 el campo para comenzar a las 10:30 HS. con la presentaci\u00f3n de 30 Montas en Clina. Al mediod\u00eda un gran ALMUERZO CRIOLLO, para continuar con la presentaci\u00f3n de 60 MONTAS EN BASTO CON ENCIMERA. MONTAS ESPECIALES \u00abEL JEFE\u00bb DE BERNAB\u00c9 vs. JORGE MONTE (CLINA) \u00abEL TORITO\u00bb DE D\u00daO vs. PABLO GUEVARA (BASTOS)<strong>&nbsp;Valor de la entrada $7000.<\/strong><\/p>\n\n\n\n<p>El cierre a este gran festival ser\u00e1 con un gran show folcl\u00f3rico y bailable donde actuar\u00e1n:<br>ATR CUMBIA, LAS VOCES DE FORTIN, TRASHUMANTES, JOS\u00c9 DE LA PAULA, LA UNO X UNO BALLET\u2019S LOCALES Y REGIONALES, PIKI SILVERA, ALUVI\u00d3N PAMPEANO y RENACER CHAMAMECERO entre otros.<\/p>\n\n\n\n<figure class=\"wp-block-gallery has-nested-images columns-default is-cropped wp-block-gallery-1 is-layout-flex wp-block-gallery-is-layout-flex\">\n<figure class=\"wp-block-image size-large\"><img decoding=\"async\" width=\"1024\" height=\"467\" data-id=\"2783\" src=\"https:\/\/vecinosdelinterior.com\/wp-content\/uploads\/2024\/10\/28-10-2024-20-25-22-1024x467.jpg\" alt=\"\" class=\"wp-image-2783\" srcset=\"https:\/\/vecinosdelinterior.com\/wp-content\/uploads\/2024\/10\/28-10-2024-20-25-22-1024x467.jpg 1024w, https:\/\/vecinosdelinterior.com\/wp-content\/uploads\/2024\/10\/28-10-2024-20-25-22-300x137.jpg 300w, https:\/\/vecinosdelinterior.com\/wp-content\/uploads\/2024\/10\/28-10-2024-20-25-22-768x350.jpg 768w, https:\/\/vecinosdelinterior.com\/wp-content\/uploads\/2024\/10\/28-10-2024-20-25-22-750x342.jpg 750w, https:\/\/vecinosdelinterior.com\/wp-content\/uploads\/2024\/10\/28-10-2024-20-25-22-1140x520.jpg 1140w, https:\/\/vecinosdelinterior.com\/wp-content\/uploads\/2024\/10\/28-10-2024-20-25-22.jpg 1457w\" sizes=\"(max-width: 1024px) 100vw, 1024px\" \/><\/figure>\n<\/figure>\n","protected":false},"excerpt":{"rendered":"<p>En un gran esfuerzo de toda la comunidad y el municipio, Buena Esperanza vivir\u00e1 una festival de pura tradici\u00f3n y de encuentro. A trav\u00e9s de las redes sociales, Sof\u00eda Larroud\u00e9, intendenta de la mencionada localidad resalt\u00f3 que \u00abya se vive un clima de fiesta en Buena Esperanza porque nos preparamos para la 46\u00ba Fiesta de [&hellip;]<\/p>\n","protected":false},"author":1,"featured_media":2900,"comment_status":"open","ping_status":"open","sticky":false,"template":"","format":"standard","meta":{"footnotes":""},"categories":[18,16],"tags":[449,391,453,459,175],"class_list":["post-2899","post","type-post","status-publish","format-standard","has-post-thumbnail","hentry","category-buena-esperanza-dupuy","category-dupuy","tag-46o-fiesta-provincial-de-la-tradicion","tag-eventos","tag-municipalidad-de-buena-esperanza","tag-sofia-larroude","tag-turismo"],"_links":{"self":[{"href":"https:\/\/vecinosdelinterior.com\/index.php\/wp-json\/wp\/v2\/posts\/2899","targetHints":{"allow":["GET"]}}],"collection":[{"href":"https:\/\/vecinosdelinterior.com\/index.php\/wp-json\/wp\/v2\/posts"}],"about":[{"href":"https:\/\/vecinosdelinterior.com\/index.php\/wp-json\/wp\/v2\/types\/post"}],"author":[{"embeddable":true,"href":"https:\/\/vecinosdelinterior.com\/index.php\/wp-json\/wp\/v2\/users\/1"}],"replies":[{"embeddable":true,"href":"https:\/\/vecinosdelinterior.com\/index.php\/wp-json\/wp\/v2\/comments?post=2899"}],"version-history":[{"count":4,"href":"https:\/\/vecinosdelinterior.com\/index.php\/wp-json\/wp\/v2\/posts\/2899\/revisions"}],"predecessor-version":[{"id":2908,"href":"https:\/\/vecinosdelinterior.com\/index.php\/wp-json\/wp\/v2\/posts\/2899\/revisions\/2908"}],"wp:featuredmedia":[{"embeddable":true,"href":"https:\/\/vecinosdelinterior.com\/index.php\/wp-json\/wp\/v2\/media\/2900"}],"wp:attachment":[{"href":"https:\/\/vecinosdelinterior.com\/index.php\/wp-json\/wp\/v2\/media?parent=2899"}],"wp:term":[{"taxonomy":"category","embeddable":true,"href":"https:\/\/vecinosdelinterior.com\/index.php\/wp-json\/wp\/v2\/categories?post=2899"},{"taxonomy":"post_tag","embeddable":true,"href":"https:\/\/vecinosdelinterior.com\/index.php\/wp-json\/wp\/v2\/tags?post=2899"}],"curies":[{"name":"wp","href":"https:\/\/api.w.org\/{rel}","templated":true}]}}