{"id":290,"date":"2023-08-16T10:19:33","date_gmt":"2023-08-16T13:19:33","guid":{"rendered":"https:\/\/vecinosdelinterior.com\/?p=290"},"modified":"2023-08-16T10:19:33","modified_gmt":"2023-08-16T13:19:33","slug":"concaran-apuesta-a-mas-atracciones-para-el-turismo","status":"publish","type":"post","link":"https:\/\/vecinosdelinterior.com\/index.php\/2023\/08\/16\/concaran-apuesta-a-mas-atracciones-para-el-turismo\/","title":{"rendered":"Concar\u00e1n apuesta a m\u00e1s atracciones para el turismo"},"content":{"rendered":"\n<p>Con el fin de proyectar acciones de fortalecimiento tur\u00edstico para la localidad, el secretario de Turismo, Luis Macagno se reuni\u00f3 con el electo intendente de Concar\u00e1n, Marcelo Gil.<\/p>\n\n\n\n<p>En este marco, se repasaron las obras y planes que est\u00e1n en marcha, como la construcci\u00f3n del parque acu\u00e1tico y los recorridos tur\u00edsticos que se hacen en el lugar. Adem\u00e1s, uno de los puntos importantes fue la actualidad y el futuro de la Mina de los C\u00f3ndores.<\/p>\n\n\n\n<figure class=\"wp-block-image size-large\"><img fetchpriority=\"high\" decoding=\"async\" width=\"1024\" height=\"452\" src=\"https:\/\/vecinosdelinterior.com\/wp-content\/uploads\/2023\/08\/INT-ELECTO-CONCARAN-5-1024x452.jpg\" alt=\"\" class=\"wp-image-291\" srcset=\"https:\/\/vecinosdelinterior.com\/wp-content\/uploads\/2023\/08\/INT-ELECTO-CONCARAN-5-1024x452.jpg 1024w, https:\/\/vecinosdelinterior.com\/wp-content\/uploads\/2023\/08\/INT-ELECTO-CONCARAN-5-300x132.jpg 300w, https:\/\/vecinosdelinterior.com\/wp-content\/uploads\/2023\/08\/INT-ELECTO-CONCARAN-5-768x339.jpg 768w, https:\/\/vecinosdelinterior.com\/wp-content\/uploads\/2023\/08\/INT-ELECTO-CONCARAN-5-1536x678.jpg 1536w, https:\/\/vecinosdelinterior.com\/wp-content\/uploads\/2023\/08\/INT-ELECTO-CONCARAN-5.jpg 1620w\" sizes=\"(max-width: 1024px) 100vw, 1024px\" \/><\/figure>\n\n\n\n<p>\u201cFue una reuni\u00f3n instructiva, muy provechosa, la verdad con todos los aspectos que podemos mejorar en turismo en Concar\u00e1n. Podemos tener esperanza en Concar\u00e1n, tener esperanza desde lo tur\u00edstico y trabajar por ello\u201d, dijo al salir del encuentro el futuro intendente.<\/p>\n\n\n\n<p>Marcelo Gil, enfatiz\u00f3 en la idea de seguir en la b\u00fasqueda de actividades que le den a la localidad un perfil m\u00e1s tur\u00edstico de cara a la temporada que se avecina y pensando en la gente de la localidad y en los turistas que la visitan.<\/p>\n\n\n\n<p>\u201cTenemos para desarrollar todo lo que es el parque acu\u00e1tico y en el futuro la mina de los C\u00f3ndores\u201d, remarc\u00f3.<\/p>\n","protected":false},"excerpt":{"rendered":"<p>Con el fin de proyectar acciones de fortalecimiento tur\u00edstico para la localidad, el secretario de Turismo, Luis Macagno se reuni\u00f3 con el electo intendente de Concar\u00e1n, Marcelo Gil. En este marco, se repasaron las obras y planes que est\u00e1n en marcha, como la construcci\u00f3n del parque acu\u00e1tico y los recorridos tur\u00edsticos que se hacen en [&hellip;]<\/p>\n","protected":false},"author":1,"featured_media":291,"comment_status":"open","ping_status":"open","sticky":false,"template":"","format":"standard","meta":{"footnotes":""},"categories":[1],"tags":[],"class_list":["post-290","post","type-post","status-publish","format-standard","has-post-thumbnail","hentry","category-blog"],"_links":{"self":[{"href":"https:\/\/vecinosdelinterior.com\/index.php\/wp-json\/wp\/v2\/posts\/290","targetHints":{"allow":["GET"]}}],"collection":[{"href":"https:\/\/vecinosdelinterior.com\/index.php\/wp-json\/wp\/v2\/posts"}],"about":[{"href":"https:\/\/vecinosdelinterior.com\/index.php\/wp-json\/wp\/v2\/types\/post"}],"author":[{"embeddable":true,"href":"https:\/\/vecinosdelinterior.com\/index.php\/wp-json\/wp\/v2\/users\/1"}],"replies":[{"embeddable":true,"href":"https:\/\/vecinosdelinterior.com\/index.php\/wp-json\/wp\/v2\/comments?post=290"}],"version-history":[{"count":1,"href":"https:\/\/vecinosdelinterior.com\/index.php\/wp-json\/wp\/v2\/posts\/290\/revisions"}],"predecessor-version":[{"id":292,"href":"https:\/\/vecinosdelinterior.com\/index.php\/wp-json\/wp\/v2\/posts\/290\/revisions\/292"}],"wp:featuredmedia":[{"embeddable":true,"href":"https:\/\/vecinosdelinterior.com\/index.php\/wp-json\/wp\/v2\/media\/291"}],"wp:attachment":[{"href":"https:\/\/vecinosdelinterior.com\/index.php\/wp-json\/wp\/v2\/media?parent=290"}],"wp:term":[{"taxonomy":"category","embeddable":true,"href":"https:\/\/vecinosdelinterior.com\/index.php\/wp-json\/wp\/v2\/categories?post=290"},{"taxonomy":"post_tag","embeddable":true,"href":"https:\/\/vecinosdelinterior.com\/index.php\/wp-json\/wp\/v2\/tags?post=290"}],"curies":[{"name":"wp","href":"https:\/\/api.w.org\/{rel}","templated":true}]}}