{"id":2912,"date":"2024-11-08T20:22:00","date_gmt":"2024-11-08T23:22:00","guid":{"rendered":"https:\/\/vecinosdelinterior.com\/?p=2912"},"modified":"2024-11-08T20:25:34","modified_gmt":"2024-11-08T23:25:34","slug":"villa-del-carmen-ya-tiene-su-nuevo-salon-cultural-y-recreativo-fue-construido-por-la-gestion-anterior-y-lo-finaliza-la-nueva","status":"publish","type":"post","link":"https:\/\/vecinosdelinterior.com\/index.php\/2024\/11\/08\/villa-del-carmen-ya-tiene-su-nuevo-salon-cultural-y-recreativo-fue-construido-por-la-gestion-anterior-y-lo-finaliza-la-nueva\/","title":{"rendered":"Villa del Carmen ya tiene su nuevo sal\u00f3n cultural y recreativo. Fue construido por la gesti\u00f3n anterior y lo finaliza la nueva"},"content":{"rendered":"\n<p>Desde este viernes, Villa del Carmen cuenta con un nuevo sal\u00f3n municipal que podr\u00e1 albergar eventos culturales, recreativos, deportivos y servir\u00e1 como parada de las empresas de transporte. El gobernador Claudio Poggi particip\u00f3 del acto de inauguraci\u00f3n del espacio junto con el intendente, Mat\u00edas Raboni, y m\u00faltiples vecinos que se acercaron, compartieron la ceremonia e intercambiaron palabras con el Primer Mandatario.<\/p>\n\n\n\n<p>\u00abLa obra hab\u00eda comenzado con la gesti\u00f3n anterior, pero al asumir la nueva administraci\u00f3n se percataron de que llevaba mucho tiempo frenada\u00bb detallaron fuentes oficiales, olvidando que la misma fue frenada por la decisi\u00f3n del actual gobernador mediante una cautelar en la Justicia.<\/p>\n\n\n\n<p>Lo positivo es que finalmente los vecinos contar\u00e1n con el sal\u00f3n de 1.000 metros cuadrados, con ba\u00f1o, cantina<\/p>\n\n\n\n<figure class=\"wp-block-gallery has-nested-images columns-default is-cropped wp-block-gallery-1 is-layout-flex wp-block-gallery-is-layout-flex\">\n<figure class=\"wp-block-image size-large\"><img fetchpriority=\"high\" decoding=\"async\" width=\"1024\" height=\"683\" data-id=\"2914\" src=\"https:\/\/vecinosdelinterior.com\/wp-content\/uploads\/2024\/11\/WhatsApp-Image-2024-11-08-at-16.22.58-1-1024x683.jpeg\" alt=\"\" class=\"wp-image-2914\" srcset=\"https:\/\/vecinosdelinterior.com\/wp-content\/uploads\/2024\/11\/WhatsApp-Image-2024-11-08-at-16.22.58-1-1024x683.jpeg 1024w, https:\/\/vecinosdelinterior.com\/wp-content\/uploads\/2024\/11\/WhatsApp-Image-2024-11-08-at-16.22.58-1-300x200.jpeg 300w, https:\/\/vecinosdelinterior.com\/wp-content\/uploads\/2024\/11\/WhatsApp-Image-2024-11-08-at-16.22.58-1-768x512.jpeg 768w, https:\/\/vecinosdelinterior.com\/wp-content\/uploads\/2024\/11\/WhatsApp-Image-2024-11-08-at-16.22.58-1-1536x1024.jpeg 1536w, https:\/\/vecinosdelinterior.com\/wp-content\/uploads\/2024\/11\/WhatsApp-Image-2024-11-08-at-16.22.58-1-2048x1365.jpeg 2048w, https:\/\/vecinosdelinterior.com\/wp-content\/uploads\/2024\/11\/WhatsApp-Image-2024-11-08-at-16.22.58-1-750x500.jpeg 750w, https:\/\/vecinosdelinterior.com\/wp-content\/uploads\/2024\/11\/WhatsApp-Image-2024-11-08-at-16.22.58-1-1140x760.jpeg 1140w\" sizes=\"(max-width: 1024px) 100vw, 1024px\" \/><\/figure>\n\n\n\n<figure class=\"wp-block-image size-large\"><img decoding=\"async\" width=\"1024\" height=\"683\" data-id=\"2913\" src=\"https:\/\/vecinosdelinterior.com\/wp-content\/uploads\/2024\/11\/WhatsApp-Image-2024-11-08-at-17.02.07-2048x1365-1-1024x683.jpeg\" alt=\"\" class=\"wp-image-2913\" srcset=\"https:\/\/vecinosdelinterior.com\/wp-content\/uploads\/2024\/11\/WhatsApp-Image-2024-11-08-at-17.02.07-2048x1365-1-1024x683.jpeg 1024w, https:\/\/vecinosdelinterior.com\/wp-content\/uploads\/2024\/11\/WhatsApp-Image-2024-11-08-at-17.02.07-2048x1365-1-300x200.jpeg 300w, https:\/\/vecinosdelinterior.com\/wp-content\/uploads\/2024\/11\/WhatsApp-Image-2024-11-08-at-17.02.07-2048x1365-1-768x512.jpeg 768w, https:\/\/vecinosdelinterior.com\/wp-content\/uploads\/2024\/11\/WhatsApp-Image-2024-11-08-at-17.02.07-2048x1365-1-1536x1024.jpeg 1536w, https:\/\/vecinosdelinterior.com\/wp-content\/uploads\/2024\/11\/WhatsApp-Image-2024-11-08-at-17.02.07-2048x1365-1-750x500.jpeg 750w, https:\/\/vecinosdelinterior.com\/wp-content\/uploads\/2024\/11\/WhatsApp-Image-2024-11-08-at-17.02.07-2048x1365-1-1140x760.jpeg 1140w, https:\/\/vecinosdelinterior.com\/wp-content\/uploads\/2024\/11\/WhatsApp-Image-2024-11-08-at-17.02.07-2048x1365-1.jpeg 2048w\" sizes=\"(max-width: 1024px) 100vw, 1024px\" \/><\/figure>\n<\/figure>\n","protected":false},"excerpt":{"rendered":"<p>Desde este viernes, Villa del Carmen cuenta con un nuevo sal\u00f3n municipal que podr\u00e1 albergar eventos culturales, recreativos, deportivos y servir\u00e1 como parada de las empresas de transporte. El gobernador Claudio Poggi particip\u00f3 del acto de inauguraci\u00f3n del espacio junto con el intendente, Mat\u00edas Raboni, y m\u00faltiples vecinos que se acercaron, compartieron la ceremonia e [&hellip;]<\/p>\n","protected":false},"author":1,"featured_media":2914,"comment_status":"open","ping_status":"open","sticky":false,"template":"","format":"standard","meta":{"footnotes":""},"categories":[29,31],"tags":[],"class_list":["post-2912","post","type-post","status-publish","format-standard","has-post-thumbnail","hentry","category-chacabuco","category-villa-del-carmen"],"_links":{"self":[{"href":"https:\/\/vecinosdelinterior.com\/index.php\/wp-json\/wp\/v2\/posts\/2912","targetHints":{"allow":["GET"]}}],"collection":[{"href":"https:\/\/vecinosdelinterior.com\/index.php\/wp-json\/wp\/v2\/posts"}],"about":[{"href":"https:\/\/vecinosdelinterior.com\/index.php\/wp-json\/wp\/v2\/types\/post"}],"author":[{"embeddable":true,"href":"https:\/\/vecinosdelinterior.com\/index.php\/wp-json\/wp\/v2\/users\/1"}],"replies":[{"embeddable":true,"href":"https:\/\/vecinosdelinterior.com\/index.php\/wp-json\/wp\/v2\/comments?post=2912"}],"version-history":[{"count":2,"href":"https:\/\/vecinosdelinterior.com\/index.php\/wp-json\/wp\/v2\/posts\/2912\/revisions"}],"predecessor-version":[{"id":2917,"href":"https:\/\/vecinosdelinterior.com\/index.php\/wp-json\/wp\/v2\/posts\/2912\/revisions\/2917"}],"wp:featuredmedia":[{"embeddable":true,"href":"https:\/\/vecinosdelinterior.com\/index.php\/wp-json\/wp\/v2\/media\/2914"}],"wp:attachment":[{"href":"https:\/\/vecinosdelinterior.com\/index.php\/wp-json\/wp\/v2\/media?parent=2912"}],"wp:term":[{"taxonomy":"category","embeddable":true,"href":"https:\/\/vecinosdelinterior.com\/index.php\/wp-json\/wp\/v2\/categories?post=2912"},{"taxonomy":"post_tag","embeddable":true,"href":"https:\/\/vecinosdelinterior.com\/index.php\/wp-json\/wp\/v2\/tags?post=2912"}],"curies":[{"name":"wp","href":"https:\/\/api.w.org\/{rel}","templated":true}]}}