{"id":2922,"date":"2024-11-08T23:09:14","date_gmt":"2024-11-09T02:09:14","guid":{"rendered":"https:\/\/vecinosdelinterior.com\/?p=2922"},"modified":"2024-11-08T23:09:14","modified_gmt":"2024-11-09T02:09:14","slug":"pelea-callejera-y-heridos-de-cuchillo-en-union","status":"publish","type":"post","link":"https:\/\/vecinosdelinterior.com\/index.php\/2024\/11\/08\/pelea-callejera-y-heridos-de-cuchillo-en-union\/","title":{"rendered":"Pelea callejera y heridos de cuchillo en Uni\u00f3n"},"content":{"rendered":"\n<p><\/p>\n\n\n\n<p>Ezequiel Fern\u00e1ndez, vecino de Uni\u00f3n, permanece internado en el hospital Ram\u00f3n Carrillo, trata d recuperarse de una pu\u00f1alada que sufri\u00f3 en medio de una pelea callejera en su localidad. El otro hombre que particip\u00f3 en la ri\u00f1a tambi\u00e9n result\u00f3 herido con un arma blanca, pero no precis\u00f3 m\u00e1s que una sutura. En cambio, la madre de Fern\u00e1ndez revel\u00f3, a trav\u00e9s de sus redes sociales, que su hijo tuvo que viajar alrededor de 300 kil\u00f3metros con un cuchillo clavado en el pecho porque ni en el centro m\u00e9dico de Uni\u00f3n ni en el policl\u00ednico de Villa Mercedes pudieron atenderlo debido a la supuesta complejidad de la lesi\u00f3n.<\/p>\n\n\n\n<p>Este viernes, a trav\u00e9s de un comunicado de prensa, el personal del Ministerio de Salud inform\u00f3 que el hombre de 31 a\u00f1os contin\u00faa en el hospital de San Luis en \u00abbuen estado\u00bb. Fern\u00e1ndez fue ingresado a ese centro m\u00e9dico la madrugada del jueves. Los especialistas que lo revisaron concluyeron que necesitaba un \u00abavenamiento peutral derecho por hemoneumot\u00f3rax\u00bb, es decir un procedimiento que consiste en insertar un tubo flexible en el t\u00f3rax para drenar l\u00edquido, sangre o aire contenido en el espacio peutral.<\/p>\n\n\n\n<p>Seg\u00fan trascendi\u00f3, la pelea en la que result\u00f3 herido sucedi\u00f3 la noche del martes, pasadas las 23, en la v\u00eda p\u00fablica. Ambos hombres fueron llevados al hospital de Uni\u00f3n. Ingresaron all\u00ed alrededor de las 23:45. \u00abLos pacientes fueron atendidos por la m\u00e9dica de guardia, quien solicit\u00f3 la colaboraci\u00f3n de un segundo profesional para una atenci\u00f3n m\u00e1s completa\u00bb, se\u00f1alaron los voceros del Ministerio.<\/p>\n\n\n\n<p>Indicaron que uno presentaba \u00abuna lesi\u00f3n de arma blanca de menor gravedad y se le realiz\u00f3 una sutura\u00bb. Fern\u00e1ndez, en cambio, ten\u00eda una herida en la regi\u00f3n tor\u00e1cica m\u00e1s seria. \u00abTras una evaluaci\u00f3n se decidi\u00f3 su traslado a un centro de mayor complejidad para ser examinado por especialistas en cirug\u00eda\u00bb, comunicaron.<\/p>\n\n\n\n<p>Lo derivaron al policl\u00ednico regional de Villa Mercedes. Lo trasladaron a esa ciudad en una ambulancia, en compa\u00f1\u00eda de un m\u00e9dico y una enfermedad. Una vez en el hospital Juan Domingo Per\u00f3n, luego de estudios de imagen y otra evaluaci\u00f3n quir\u00fargica, decidieron que lo mejor ser\u00eda tratarlo en el hospital de la capital puntana, porque exist\u00eda la sospecha de que necesitara la intervenci\u00f3n de un cirujano vascular y de t\u00f3rax.<\/p>\n\n\n\n<p>La fiscal adjunta de Villa Mercedes Andrea Court, a cargo de las averiguaciones, solo dijo que est\u00e1n en plena investigaci\u00f3n, a la espera de la \u00abevoluci\u00f3n de una de las partes\u00bb.<\/p>\n","protected":false},"excerpt":{"rendered":"<p>Ezequiel Fern\u00e1ndez, vecino de Uni\u00f3n, permanece internado en el hospital Ram\u00f3n Carrillo, trata d recuperarse de una pu\u00f1alada que sufri\u00f3 en medio de una pelea callejera en su localidad. El otro hombre que particip\u00f3 en la ri\u00f1a tambi\u00e9n result\u00f3 herido con un arma blanca, pero no precis\u00f3 m\u00e1s que una sutura. En cambio, la madre [&hellip;]<\/p>\n","protected":false},"author":1,"featured_media":2923,"comment_status":"open","ping_status":"open","sticky":false,"template":"","format":"standard","meta":{"footnotes":""},"categories":[16,376],"tags":[213],"class_list":["post-2922","post","type-post","status-publish","format-standard","has-post-thumbnail","hentry","category-dupuy","category-union","tag-policial"],"_links":{"self":[{"href":"https:\/\/vecinosdelinterior.com\/index.php\/wp-json\/wp\/v2\/posts\/2922","targetHints":{"allow":["GET"]}}],"collection":[{"href":"https:\/\/vecinosdelinterior.com\/index.php\/wp-json\/wp\/v2\/posts"}],"about":[{"href":"https:\/\/vecinosdelinterior.com\/index.php\/wp-json\/wp\/v2\/types\/post"}],"author":[{"embeddable":true,"href":"https:\/\/vecinosdelinterior.com\/index.php\/wp-json\/wp\/v2\/users\/1"}],"replies":[{"embeddable":true,"href":"https:\/\/vecinosdelinterior.com\/index.php\/wp-json\/wp\/v2\/comments?post=2922"}],"version-history":[{"count":1,"href":"https:\/\/vecinosdelinterior.com\/index.php\/wp-json\/wp\/v2\/posts\/2922\/revisions"}],"predecessor-version":[{"id":2924,"href":"https:\/\/vecinosdelinterior.com\/index.php\/wp-json\/wp\/v2\/posts\/2922\/revisions\/2924"}],"wp:featuredmedia":[{"embeddable":true,"href":"https:\/\/vecinosdelinterior.com\/index.php\/wp-json\/wp\/v2\/media\/2923"}],"wp:attachment":[{"href":"https:\/\/vecinosdelinterior.com\/index.php\/wp-json\/wp\/v2\/media?parent=2922"}],"wp:term":[{"taxonomy":"category","embeddable":true,"href":"https:\/\/vecinosdelinterior.com\/index.php\/wp-json\/wp\/v2\/categories?post=2922"},{"taxonomy":"post_tag","embeddable":true,"href":"https:\/\/vecinosdelinterior.com\/index.php\/wp-json\/wp\/v2\/tags?post=2922"}],"curies":[{"name":"wp","href":"https:\/\/api.w.org\/{rel}","templated":true}]}}