{"id":2928,"date":"2024-11-09T20:05:37","date_gmt":"2024-11-09T23:05:37","guid":{"rendered":"https:\/\/vecinosdelinterior.com\/?p=2928"},"modified":"2024-11-09T20:14:07","modified_gmt":"2024-11-09T23:14:07","slug":"la-primer-jornada-del-46o-festival-de-la-tradicion-comenzo-con-exito","status":"publish","type":"post","link":"https:\/\/vecinosdelinterior.com\/index.php\/2024\/11\/09\/la-primer-jornada-del-46o-festival-de-la-tradicion-comenzo-con-exito\/","title":{"rendered":"La primer jornada del 46\u00ba Festival de la Tradici\u00f3n comenz\u00f3 con \u00e9xito"},"content":{"rendered":"\n<p>Artesanos y comerciantes en Plaza Sarmiento dieron inicio a la Expo Tradici\u00f3n mostrado sus productos y trabajos ante un p\u00fablico que fue creciendo con el correr de las horas.<br>Vecinos y turistas se dieron cita al inicio de este importante evento que promete cerrar a toda fiesta.<\/p>\n\n\n\n<p>La Municipalidad de Buena Esperanza ha trabajado en cada detalle minuciosamente, desde la misma exposici\u00f3n para potenciar la econom\u00eda local, hasta los eventos de participaci\u00f3n como el desfile y la carrera donde los ni\u00f1os tambi\u00e9n dieron su cuota de color a la festividad. Desde las domas y eventos con las cuadrillas hasta lo que ser\u00e1 el cierre a toda m\u00fasica y show.<br>A raz\u00f3n de ello, se ha hecho extensiva la invitaci\u00f3n a toda la comunidad, localidades vecinas y turistas, a disfrutar y encontrarse en este evento, que en sus primeras horas de desarrollo, ya muestra un \u00e9xito total.<\/p>\n\n\n\n<figure class=\"wp-block-gallery has-nested-images columns-default is-cropped wp-block-gallery-1 is-layout-flex wp-block-gallery-is-layout-flex\">\n<figure class=\"wp-block-image size-large\"><img fetchpriority=\"high\" decoding=\"async\" width=\"504\" height=\"452\" data-id=\"2932\" src=\"https:\/\/vecinosdelinterior.com\/wp-content\/uploads\/2024\/11\/8-11-2024-23-18-02.jpg\" alt=\"\" class=\"wp-image-2932\" srcset=\"https:\/\/vecinosdelinterior.com\/wp-content\/uploads\/2024\/11\/8-11-2024-23-18-02.jpg 504w, https:\/\/vecinosdelinterior.com\/wp-content\/uploads\/2024\/11\/8-11-2024-23-18-02-300x269.jpg 300w\" sizes=\"(max-width: 504px) 100vw, 504px\" \/><\/figure>\n\n\n\n<figure class=\"wp-block-image size-large\"><img decoding=\"async\" width=\"514\" height=\"531\" data-id=\"2934\" src=\"https:\/\/vecinosdelinterior.com\/wp-content\/uploads\/2024\/11\/8-11-2024-23-18-26.jpg\" alt=\"\" class=\"wp-image-2934\" srcset=\"https:\/\/vecinosdelinterior.com\/wp-content\/uploads\/2024\/11\/8-11-2024-23-18-26.jpg 514w, https:\/\/vecinosdelinterior.com\/wp-content\/uploads\/2024\/11\/8-11-2024-23-18-26-290x300.jpg 290w\" sizes=\"(max-width: 514px) 100vw, 514px\" \/><\/figure>\n\n\n\n<figure class=\"wp-block-image size-large\"><img decoding=\"async\" width=\"386\" height=\"623\" data-id=\"2929\" src=\"https:\/\/vecinosdelinterior.com\/wp-content\/uploads\/2024\/11\/9-11-2024-09-41-18.jpg\" alt=\"\" class=\"wp-image-2929\" srcset=\"https:\/\/vecinosdelinterior.com\/wp-content\/uploads\/2024\/11\/9-11-2024-09-41-18.jpg 386w, https:\/\/vecinosdelinterior.com\/wp-content\/uploads\/2024\/11\/9-11-2024-09-41-18-186x300.jpg 186w\" sizes=\"(max-width: 386px) 100vw, 386px\" \/><\/figure>\n\n\n\n<figure class=\"wp-block-image size-large\"><img loading=\"lazy\" decoding=\"async\" width=\"490\" height=\"662\" data-id=\"2930\" src=\"https:\/\/vecinosdelinterior.com\/wp-content\/uploads\/2024\/11\/9-11-2024-09-41-39.jpg\" alt=\"\" class=\"wp-image-2930\" srcset=\"https:\/\/vecinosdelinterior.com\/wp-content\/uploads\/2024\/11\/9-11-2024-09-41-39.jpg 490w, https:\/\/vecinosdelinterior.com\/wp-content\/uploads\/2024\/11\/9-11-2024-09-41-39-222x300.jpg 222w\" sizes=\"(max-width: 490px) 100vw, 490px\" \/><\/figure>\n\n\n\n<figure class=\"wp-block-image size-large\"><img loading=\"lazy\" decoding=\"async\" width=\"515\" height=\"585\" data-id=\"2933\" src=\"https:\/\/vecinosdelinterior.com\/wp-content\/uploads\/2024\/11\/9-11-2024-09-41-50.jpg\" alt=\"\" class=\"wp-image-2933\" srcset=\"https:\/\/vecinosdelinterior.com\/wp-content\/uploads\/2024\/11\/9-11-2024-09-41-50.jpg 515w, https:\/\/vecinosdelinterior.com\/wp-content\/uploads\/2024\/11\/9-11-2024-09-41-50-264x300.jpg 264w\" sizes=\"(max-width: 515px) 100vw, 515px\" \/><\/figure>\n\n\n\n<figure class=\"wp-block-image size-large\"><img loading=\"lazy\" decoding=\"async\" width=\"493\" height=\"768\" data-id=\"2935\" src=\"https:\/\/vecinosdelinterior.com\/wp-content\/uploads\/2024\/11\/9-11-2024-09-42-23.jpg\" alt=\"\" class=\"wp-image-2935\" srcset=\"https:\/\/vecinosdelinterior.com\/wp-content\/uploads\/2024\/11\/9-11-2024-09-42-23.jpg 493w, https:\/\/vecinosdelinterior.com\/wp-content\/uploads\/2024\/11\/9-11-2024-09-42-23-193x300.jpg 193w\" sizes=\"(max-width: 493px) 100vw, 493px\" \/><\/figure>\n\n\n\n<figure class=\"wp-block-image size-large\"><img loading=\"lazy\" decoding=\"async\" width=\"600\" height=\"271\" data-id=\"2931\" src=\"https:\/\/vecinosdelinterior.com\/wp-content\/uploads\/2024\/11\/465791076_1208872023532570_4430646846647482824_n.jpg\" alt=\"\" class=\"wp-image-2931\" srcset=\"https:\/\/vecinosdelinterior.com\/wp-content\/uploads\/2024\/11\/465791076_1208872023532570_4430646846647482824_n.jpg 600w, https:\/\/vecinosdelinterior.com\/wp-content\/uploads\/2024\/11\/465791076_1208872023532570_4430646846647482824_n-300x136.jpg 300w\" sizes=\"(max-width: 600px) 100vw, 600px\" \/><\/figure>\n<\/figure>\n\n\n\n<p><br><\/p>\n\n\n\n<h1 class=\"wp-block-heading\">buenaesperanza #sanluis #festivaldelatradici\u00f3n #gesti\u00f3nsof\u00edalarroud\u00e9<\/h1>\n","protected":false},"excerpt":{"rendered":"<p>Artesanos y comerciantes en Plaza Sarmiento dieron inicio a la Expo Tradici\u00f3n mostrado sus productos y trabajos ante un p\u00fablico que fue creciendo con el correr de las horas.Vecinos y turistas se dieron cita al inicio de este importante evento que promete cerrar a toda fiesta. La Municipalidad de Buena Esperanza ha trabajado en cada [&hellip;]<\/p>\n","protected":false},"author":1,"featured_media":2936,"comment_status":"open","ping_status":"open","sticky":false,"template":"","format":"standard","meta":{"footnotes":""},"categories":[18,16],"tags":[449,391,460,175],"class_list":["post-2928","post","type-post","status-publish","format-standard","has-post-thumbnail","hentry","category-buena-esperanza-dupuy","category-dupuy","tag-46o-fiesta-provincial-de-la-tradicion","tag-eventos","tag-festividades","tag-turismo"],"_links":{"self":[{"href":"https:\/\/vecinosdelinterior.com\/index.php\/wp-json\/wp\/v2\/posts\/2928","targetHints":{"allow":["GET"]}}],"collection":[{"href":"https:\/\/vecinosdelinterior.com\/index.php\/wp-json\/wp\/v2\/posts"}],"about":[{"href":"https:\/\/vecinosdelinterior.com\/index.php\/wp-json\/wp\/v2\/types\/post"}],"author":[{"embeddable":true,"href":"https:\/\/vecinosdelinterior.com\/index.php\/wp-json\/wp\/v2\/users\/1"}],"replies":[{"embeddable":true,"href":"https:\/\/vecinosdelinterior.com\/index.php\/wp-json\/wp\/v2\/comments?post=2928"}],"version-history":[{"count":2,"href":"https:\/\/vecinosdelinterior.com\/index.php\/wp-json\/wp\/v2\/posts\/2928\/revisions"}],"predecessor-version":[{"id":2938,"href":"https:\/\/vecinosdelinterior.com\/index.php\/wp-json\/wp\/v2\/posts\/2928\/revisions\/2938"}],"wp:featuredmedia":[{"embeddable":true,"href":"https:\/\/vecinosdelinterior.com\/index.php\/wp-json\/wp\/v2\/media\/2936"}],"wp:attachment":[{"href":"https:\/\/vecinosdelinterior.com\/index.php\/wp-json\/wp\/v2\/media?parent=2928"}],"wp:term":[{"taxonomy":"category","embeddable":true,"href":"https:\/\/vecinosdelinterior.com\/index.php\/wp-json\/wp\/v2\/categories?post=2928"},{"taxonomy":"post_tag","embeddable":true,"href":"https:\/\/vecinosdelinterior.com\/index.php\/wp-json\/wp\/v2\/tags?post=2928"}],"curies":[{"name":"wp","href":"https:\/\/api.w.org\/{rel}","templated":true}]}}