{"id":293,"date":"2023-08-16T10:32:42","date_gmt":"2023-08-16T13:32:42","guid":{"rendered":"https:\/\/vecinosdelinterior.com\/?p=293"},"modified":"2023-08-17T11:22:17","modified_gmt":"2023-08-17T14:22:17","slug":"la-autopista-de-la-informacion-activo-la-fibra-optica-en-todo-navia","status":"publish","type":"post","link":"https:\/\/vecinosdelinterior.com\/index.php\/2023\/08\/16\/la-autopista-de-la-informacion-activo-la-fibra-optica-en-todo-navia\/","title":{"rendered":"La Autopista de la Informaci\u00f3n activ\u00f3 la fibra \u00f3ptica en todo Navia"},"content":{"rendered":"\n<p>Se puso en marcha el nuevo tendido de fibra \u00f3ptica, de 41 km, que llega hasta la localidad de Navia. De esta forma cada persona que vive en esa localidad accede a internet de alta velocidad.<\/p>\n\n\n\n<p>Hace menos de una semana las personas que viven en localidad de Navia acced\u00edan a internet por una conexi\u00f3n por Radio Enlace, con una velocidad promedio de alrededor de 6 Mbps. Esto cambi\u00f3 con la puesta en marcha de la ampliaci\u00f3n de la red de fibra \u00f3ptica: 41 nuevos kil\u00f3metros de tendido que unen a Nahuel Mapa con Navia.<\/p>\n\n\n\n<figure class=\"wp-block-gallery has-nested-images columns-default is-cropped wp-block-gallery-1 is-layout-flex wp-block-gallery-is-layout-flex\">\n<figure class=\"wp-block-image size-large\"><img fetchpriority=\"high\" decoding=\"async\" width=\"1024\" height=\"683\" data-id=\"294\" src=\"https:\/\/vecinosdelinterior.com\/wp-content\/uploads\/2023\/08\/DSC2060-1024x683.jpg\" alt=\"\" class=\"wp-image-294\" srcset=\"https:\/\/vecinosdelinterior.com\/wp-content\/uploads\/2023\/08\/DSC2060-1024x683.jpg 1024w, https:\/\/vecinosdelinterior.com\/wp-content\/uploads\/2023\/08\/DSC2060-300x200.jpg 300w, https:\/\/vecinosdelinterior.com\/wp-content\/uploads\/2023\/08\/DSC2060-768x512.jpg 768w, https:\/\/vecinosdelinterior.com\/wp-content\/uploads\/2023\/08\/DSC2060-1536x1024.jpg 1536w, https:\/\/vecinosdelinterior.com\/wp-content\/uploads\/2023\/08\/DSC2060.jpg 1920w\" sizes=\"(max-width: 1024px) 100vw, 1024px\" \/><\/figure>\n\n\n\n<figure class=\"wp-block-image size-large\"><img decoding=\"async\" width=\"1024\" height=\"683\" data-id=\"296\" src=\"https:\/\/vecinosdelinterior.com\/wp-content\/uploads\/2023\/08\/DSC2110-1024x683.jpg\" alt=\"\" class=\"wp-image-296\" srcset=\"https:\/\/vecinosdelinterior.com\/wp-content\/uploads\/2023\/08\/DSC2110-1024x683.jpg 1024w, https:\/\/vecinosdelinterior.com\/wp-content\/uploads\/2023\/08\/DSC2110-300x200.jpg 300w, https:\/\/vecinosdelinterior.com\/wp-content\/uploads\/2023\/08\/DSC2110-768x512.jpg 768w, https:\/\/vecinosdelinterior.com\/wp-content\/uploads\/2023\/08\/DSC2110-1536x1024.jpg 1536w, https:\/\/vecinosdelinterior.com\/wp-content\/uploads\/2023\/08\/DSC2110.jpg 1920w\" sizes=\"(max-width: 1024px) 100vw, 1024px\" \/><\/figure>\n\n\n\n<figure class=\"wp-block-image size-large\"><img decoding=\"async\" width=\"1024\" height=\"683\" data-id=\"295\" src=\"https:\/\/vecinosdelinterior.com\/wp-content\/uploads\/2023\/08\/DSC2088-1024x683.jpg\" alt=\"\" class=\"wp-image-295\" srcset=\"https:\/\/vecinosdelinterior.com\/wp-content\/uploads\/2023\/08\/DSC2088-1024x683.jpg 1024w, https:\/\/vecinosdelinterior.com\/wp-content\/uploads\/2023\/08\/DSC2088-300x200.jpg 300w, https:\/\/vecinosdelinterior.com\/wp-content\/uploads\/2023\/08\/DSC2088-768x512.jpg 768w, https:\/\/vecinosdelinterior.com\/wp-content\/uploads\/2023\/08\/DSC2088-1536x1024.jpg 1536w, https:\/\/vecinosdelinterior.com\/wp-content\/uploads\/2023\/08\/DSC2088.jpg 1920w\" sizes=\"(max-width: 1024px) 100vw, 1024px\" \/><\/figure>\n<\/figure>\n\n\n\n<p>\u201cLa diferencia es considerable\u201d, explic\u00f3 Carlos Lucero, responsable de Troncal y distribuci\u00f3n de fibra \u00f3ptica al evaluar el antes y el despu\u00e9s de la operaci\u00f3n. Yovana Leyes, docente de la Escuela N\u00b0454, agreg\u00f3: \u201ccomenzamos a probarlo, cambi\u00f3 totalmente. Estamos felices, porque va a mejorar el d\u00eda a d\u00eda en la escuela\u201d.<\/p>\n\n\n\n<p>Franco Videla, gerente t\u00e9cnico de la Autopista, detall\u00f3 que la extensi\u00f3n de la fibra es de 41 km, lo que otorga estabilidad a la localidad y una conexi\u00f3n similar a la que tiene una persona en la capital puntana.<\/p>\n","protected":false},"excerpt":{"rendered":"<p>Se puso en marcha el nuevo tendido de fibra \u00f3ptica, de 41 km, que llega hasta la localidad de Navia. De esta forma cada persona que vive en esa localidad accede a internet de alta velocidad. Hace menos de una semana las personas que viven en localidad de Navia acced\u00edan a internet por una conexi\u00f3n [&hellip;]<\/p>\n","protected":false},"author":1,"featured_media":296,"comment_status":"open","ping_status":"open","sticky":false,"template":"","format":"standard","meta":{"footnotes":""},"categories":[1],"tags":[132],"class_list":["post-293","post","type-post","status-publish","format-standard","has-post-thumbnail","hentry","category-blog","tag-navia"],"_links":{"self":[{"href":"https:\/\/vecinosdelinterior.com\/index.php\/wp-json\/wp\/v2\/posts\/293","targetHints":{"allow":["GET"]}}],"collection":[{"href":"https:\/\/vecinosdelinterior.com\/index.php\/wp-json\/wp\/v2\/posts"}],"about":[{"href":"https:\/\/vecinosdelinterior.com\/index.php\/wp-json\/wp\/v2\/types\/post"}],"author":[{"embeddable":true,"href":"https:\/\/vecinosdelinterior.com\/index.php\/wp-json\/wp\/v2\/users\/1"}],"replies":[{"embeddable":true,"href":"https:\/\/vecinosdelinterior.com\/index.php\/wp-json\/wp\/v2\/comments?post=293"}],"version-history":[{"count":1,"href":"https:\/\/vecinosdelinterior.com\/index.php\/wp-json\/wp\/v2\/posts\/293\/revisions"}],"predecessor-version":[{"id":297,"href":"https:\/\/vecinosdelinterior.com\/index.php\/wp-json\/wp\/v2\/posts\/293\/revisions\/297"}],"wp:featuredmedia":[{"embeddable":true,"href":"https:\/\/vecinosdelinterior.com\/index.php\/wp-json\/wp\/v2\/media\/296"}],"wp:attachment":[{"href":"https:\/\/vecinosdelinterior.com\/index.php\/wp-json\/wp\/v2\/media?parent=293"}],"wp:term":[{"taxonomy":"category","embeddable":true,"href":"https:\/\/vecinosdelinterior.com\/index.php\/wp-json\/wp\/v2\/categories?post=293"},{"taxonomy":"post_tag","embeddable":true,"href":"https:\/\/vecinosdelinterior.com\/index.php\/wp-json\/wp\/v2\/tags?post=293"}],"curies":[{"name":"wp","href":"https:\/\/api.w.org\/{rel}","templated":true}]}}