{"id":2963,"date":"2024-11-10T16:04:00","date_gmt":"2024-11-10T19:04:00","guid":{"rendered":"https:\/\/vecinosdelinterior.com\/?p=2963"},"modified":"2024-11-10T16:06:17","modified_gmt":"2024-11-10T19:06:17","slug":"los-molles-un-hombre-fue-hospitalizado-tras-sufrir-un-accidente-en-la-ruta-provincial-no1","status":"publish","type":"post","link":"https:\/\/vecinosdelinterior.com\/index.php\/2024\/11\/10\/los-molles-un-hombre-fue-hospitalizado-tras-sufrir-un-accidente-en-la-ruta-provincial-no1\/","title":{"rendered":"Los Molles: un hombre fue hospitalizado tras sufrir un accidente en la ruta provincial n\u00ba1"},"content":{"rendered":"\n<p>VECINOSDELINTERIOR.COM \/ 10 DE NOVIEMBRE<\/p>\n\n\n\n<p>Este domingo, alrededor de las 8:00, se produjo un accidente de tr\u00e1nsito en la ruta provincial 1, a la altura del kil\u00f3metro 13, en Los Molles.<br>De acuerdo a las averiguaciones, un hombre de 45 a\u00f1os conduc\u00eda un auto Volkswagen Suran -de sur a norte-, y en ese sector de a ruta perdi\u00f3 el control del veh\u00edculo, impact\u00f3 primero contra un guardarra\u00edl ubicado sobre la banquina este y luego contra un poste met\u00e1lico de un cartel de ruta.<br>El hombre, que viajaba solo en el veh\u00edculo, qued\u00f3 atrapado entre el volante y la butaca, por lo que personal de Bomberos Voluntarios de Los Molles realiz\u00f3 las tareas para poder estabilizar y sacar al individuo del autom\u00f3vil. Luego, el hombre fue atendido por personal m\u00e9dico del Sempro en el lugar, y posteriormente fue trasladado en ambulancia hacia el Hospital \u201cMadre Catalina Rodr\u00edguez\u201d de Villa de Merlo para recibir atenci\u00f3n m\u00e9dica m\u00e1s completa.<\/p>\n\n\n\n<figure class=\"wp-block-image size-large\"><img fetchpriority=\"high\" decoding=\"async\" width=\"1024\" height=\"741\" src=\"https:\/\/vecinosdelinterior.com\/wp-content\/uploads\/2024\/11\/WhatsApp-Image-2024-11-10-at-4.03.42-PM-1024x741.jpeg\" alt=\"\" class=\"wp-image-2964\" srcset=\"https:\/\/vecinosdelinterior.com\/wp-content\/uploads\/2024\/11\/WhatsApp-Image-2024-11-10-at-4.03.42-PM-1024x741.jpeg 1024w, https:\/\/vecinosdelinterior.com\/wp-content\/uploads\/2024\/11\/WhatsApp-Image-2024-11-10-at-4.03.42-PM-300x217.jpeg 300w, https:\/\/vecinosdelinterior.com\/wp-content\/uploads\/2024\/11\/WhatsApp-Image-2024-11-10-at-4.03.42-PM-768x555.jpeg 768w, https:\/\/vecinosdelinterior.com\/wp-content\/uploads\/2024\/11\/WhatsApp-Image-2024-11-10-at-4.03.42-PM-120x86.jpeg 120w, https:\/\/vecinosdelinterior.com\/wp-content\/uploads\/2024\/11\/WhatsApp-Image-2024-11-10-at-4.03.42-PM-750x542.jpeg 750w, https:\/\/vecinosdelinterior.com\/wp-content\/uploads\/2024\/11\/WhatsApp-Image-2024-11-10-at-4.03.42-PM.jpeg 1131w\" sizes=\"(max-width: 1024px) 100vw, 1024px\" \/><\/figure>\n","protected":false},"excerpt":{"rendered":"<p>VECINOSDELINTERIOR.COM \/ 10 DE NOVIEMBRE Este domingo, alrededor de las 8:00, se produjo un accidente de tr\u00e1nsito en la ruta provincial 1, a la altura del kil\u00f3metro 13, en Los Molles.De acuerdo a las averiguaciones, un hombre de 45 a\u00f1os conduc\u00eda un auto Volkswagen Suran -de sur a norte-, y en ese sector de a [&hellip;]<\/p>\n","protected":false},"author":1,"featured_media":2964,"comment_status":"open","ping_status":"open","sticky":false,"template":"","format":"standard","meta":{"footnotes":""},"categories":[23,24],"tags":[95,213],"class_list":["post-2963","post","type-post","status-publish","format-standard","has-post-thumbnail","hentry","category-junin","category-los-molles","tag-accidente-vial","tag-policial"],"_links":{"self":[{"href":"https:\/\/vecinosdelinterior.com\/index.php\/wp-json\/wp\/v2\/posts\/2963","targetHints":{"allow":["GET"]}}],"collection":[{"href":"https:\/\/vecinosdelinterior.com\/index.php\/wp-json\/wp\/v2\/posts"}],"about":[{"href":"https:\/\/vecinosdelinterior.com\/index.php\/wp-json\/wp\/v2\/types\/post"}],"author":[{"embeddable":true,"href":"https:\/\/vecinosdelinterior.com\/index.php\/wp-json\/wp\/v2\/users\/1"}],"replies":[{"embeddable":true,"href":"https:\/\/vecinosdelinterior.com\/index.php\/wp-json\/wp\/v2\/comments?post=2963"}],"version-history":[{"count":1,"href":"https:\/\/vecinosdelinterior.com\/index.php\/wp-json\/wp\/v2\/posts\/2963\/revisions"}],"predecessor-version":[{"id":2965,"href":"https:\/\/vecinosdelinterior.com\/index.php\/wp-json\/wp\/v2\/posts\/2963\/revisions\/2965"}],"wp:featuredmedia":[{"embeddable":true,"href":"https:\/\/vecinosdelinterior.com\/index.php\/wp-json\/wp\/v2\/media\/2964"}],"wp:attachment":[{"href":"https:\/\/vecinosdelinterior.com\/index.php\/wp-json\/wp\/v2\/media?parent=2963"}],"wp:term":[{"taxonomy":"category","embeddable":true,"href":"https:\/\/vecinosdelinterior.com\/index.php\/wp-json\/wp\/v2\/categories?post=2963"},{"taxonomy":"post_tag","embeddable":true,"href":"https:\/\/vecinosdelinterior.com\/index.php\/wp-json\/wp\/v2\/tags?post=2963"}],"curies":[{"name":"wp","href":"https:\/\/api.w.org\/{rel}","templated":true}]}}