{"id":2969,"date":"2024-11-10T21:57:00","date_gmt":"2024-11-11T00:57:00","guid":{"rendered":"https:\/\/vecinosdelinterior.com\/?p=2969"},"modified":"2024-11-10T22:00:14","modified_gmt":"2024-11-11T01:00:14","slug":"2o-jornada-del-festival-del-dia-de-la-tradicion-no-pueden-faltar-nuestros-paisanos","status":"publish","type":"post","link":"https:\/\/vecinosdelinterior.com\/index.php\/2024\/11\/10\/2o-jornada-del-festival-del-dia-de-la-tradicion-no-pueden-faltar-nuestros-paisanos\/","title":{"rendered":"Segunda Jornada del 46\u00ba Festival del D\u00eda de la Tradici\u00f3n, no pueden faltar nuestros paisanos"},"content":{"rendered":"\n<p><\/p>\n\n\n\n<p>Es una fiesta. Nuestras tradiciones a pleno en Buena Esperanza.<br>Compartimos estas imagenes que hablan de que los nuestro esta vigente, nuestras costumbres, nuestro amor a la Patria.<\/p>\n\n\n\n<figure class=\"wp-block-gallery has-nested-images columns-default is-cropped wp-block-gallery-1 is-layout-flex wp-block-gallery-is-layout-flex\">\n<figure class=\"wp-block-image size-large\"><img fetchpriority=\"high\" decoding=\"async\" width=\"720\" height=\"540\" data-id=\"2970\" src=\"https:\/\/vecinosdelinterior.com\/wp-content\/uploads\/2024\/11\/466385555_534418629353973_7275801165346465029_n.jpg\" alt=\"\" class=\"wp-image-2970\" srcset=\"https:\/\/vecinosdelinterior.com\/wp-content\/uploads\/2024\/11\/466385555_534418629353973_7275801165346465029_n.jpg 720w, https:\/\/vecinosdelinterior.com\/wp-content\/uploads\/2024\/11\/466385555_534418629353973_7275801165346465029_n-300x225.jpg 300w\" sizes=\"(max-width: 720px) 100vw, 720px\" \/><\/figure>\n\n\n\n<figure class=\"wp-block-image size-large\"><img decoding=\"async\" width=\"720\" height=\"543\" data-id=\"2971\" src=\"https:\/\/vecinosdelinterior.com\/wp-content\/uploads\/2024\/11\/465893079_534418716020631_5589672654561136018_n.jpg\" alt=\"\" class=\"wp-image-2971\" srcset=\"https:\/\/vecinosdelinterior.com\/wp-content\/uploads\/2024\/11\/465893079_534418716020631_5589672654561136018_n.jpg 720w, https:\/\/vecinosdelinterior.com\/wp-content\/uploads\/2024\/11\/465893079_534418716020631_5589672654561136018_n-300x226.jpg 300w\" sizes=\"(max-width: 720px) 100vw, 720px\" \/><\/figure>\n\n\n\n<figure class=\"wp-block-image size-large\"><img decoding=\"async\" width=\"720\" height=\"540\" data-id=\"2972\" src=\"https:\/\/vecinosdelinterior.com\/wp-content\/uploads\/2024\/11\/466636082_534418586020644_5497240056670028020_n.jpg\" alt=\"\" class=\"wp-image-2972\" srcset=\"https:\/\/vecinosdelinterior.com\/wp-content\/uploads\/2024\/11\/466636082_534418586020644_5497240056670028020_n.jpg 720w, https:\/\/vecinosdelinterior.com\/wp-content\/uploads\/2024\/11\/466636082_534418586020644_5497240056670028020_n-300x225.jpg 300w\" sizes=\"(max-width: 720px) 100vw, 720px\" \/><\/figure>\n<\/figure>\n\n\n\n<p>\u00abHoy celebramos nuestras ra\u00edces, esa herencia gaucha que corre por nuestras venas y que nos une como pueblo. Porque ser tradicionalista es llevar el orgullo de nuestra historia, de nuestros ancestros que a lomo de caballo labraron la patria.<br>\u00a1Aplausos para nuestros gauchos y paisanas, los verdaderos guardianes de esta llama sagrada que nunca se apaga! Desde aqu\u00ed, en la 46\u00b0 Fiesta Provincial de la Tradici\u00f3n, le rendimos homenaje a nuestras costumbres y seguimos viviendo con alegr\u00eda este tercer y \u00faltimo d\u00eda de festejo.<br>\u00a1Sigamos siendo custodios de nuestra cultura para que viva por siempre en el tiempo!\u00bb, publicaron desde la Municipalidad de Buena Esperanza, organizadores de este evento que ha dado que hablar por su impecable desarrollo hasta el momento.<\/p>\n\n\n\n<p>Hoy es el gran cierre, y la localidad quiere vivirlo con gran alegr\u00eda.<\/p>\n","protected":false},"excerpt":{"rendered":"<p>Es una fiesta. Nuestras tradiciones a pleno en Buena Esperanza.Compartimos estas imagenes que hablan de que los nuestro esta vigente, nuestras costumbres, nuestro amor a la Patria. \u00abHoy celebramos nuestras ra\u00edces, esa herencia gaucha que corre por nuestras venas y que nos une como pueblo. Porque ser tradicionalista es llevar el orgullo de nuestra historia, [&hellip;]<\/p>\n","protected":false},"author":1,"featured_media":2970,"comment_status":"open","ping_status":"open","sticky":false,"template":"","format":"standard","meta":{"footnotes":""},"categories":[18,16],"tags":[449,391,177,175],"class_list":["post-2969","post","type-post","status-publish","format-standard","has-post-thumbnail","hentry","category-buena-esperanza-dupuy","category-dupuy","tag-46o-fiesta-provincial-de-la-tradicion","tag-eventos","tag-gestiones-destacadas","tag-turismo"],"_links":{"self":[{"href":"https:\/\/vecinosdelinterior.com\/index.php\/wp-json\/wp\/v2\/posts\/2969","targetHints":{"allow":["GET"]}}],"collection":[{"href":"https:\/\/vecinosdelinterior.com\/index.php\/wp-json\/wp\/v2\/posts"}],"about":[{"href":"https:\/\/vecinosdelinterior.com\/index.php\/wp-json\/wp\/v2\/types\/post"}],"author":[{"embeddable":true,"href":"https:\/\/vecinosdelinterior.com\/index.php\/wp-json\/wp\/v2\/users\/1"}],"replies":[{"embeddable":true,"href":"https:\/\/vecinosdelinterior.com\/index.php\/wp-json\/wp\/v2\/comments?post=2969"}],"version-history":[{"count":2,"href":"https:\/\/vecinosdelinterior.com\/index.php\/wp-json\/wp\/v2\/posts\/2969\/revisions"}],"predecessor-version":[{"id":2974,"href":"https:\/\/vecinosdelinterior.com\/index.php\/wp-json\/wp\/v2\/posts\/2969\/revisions\/2974"}],"wp:featuredmedia":[{"embeddable":true,"href":"https:\/\/vecinosdelinterior.com\/index.php\/wp-json\/wp\/v2\/media\/2970"}],"wp:attachment":[{"href":"https:\/\/vecinosdelinterior.com\/index.php\/wp-json\/wp\/v2\/media?parent=2969"}],"wp:term":[{"taxonomy":"category","embeddable":true,"href":"https:\/\/vecinosdelinterior.com\/index.php\/wp-json\/wp\/v2\/categories?post=2969"},{"taxonomy":"post_tag","embeddable":true,"href":"https:\/\/vecinosdelinterior.com\/index.php\/wp-json\/wp\/v2\/tags?post=2969"}],"curies":[{"name":"wp","href":"https:\/\/api.w.org\/{rel}","templated":true}]}}