{"id":2978,"date":"2024-11-11T09:32:30","date_gmt":"2024-11-11T12:32:30","guid":{"rendered":"https:\/\/vecinosdelinterior.com\/?p=2978"},"modified":"2024-11-11T09:32:31","modified_gmt":"2024-11-11T12:32:31","slug":"renuncia-la-directora-del-hospital-de-la-toma-con-duras-criticas-al-gobierno-por-su-gestion-en-salud","status":"publish","type":"post","link":"https:\/\/vecinosdelinterior.com\/index.php\/2024\/11\/11\/renuncia-la-directora-del-hospital-de-la-toma-con-duras-criticas-al-gobierno-por-su-gestion-en-salud\/","title":{"rendered":"Renuncia la directora del Hospital de La Toma con duras cr\u00edticas al Gobierno por su gesti\u00f3n en salud"},"content":{"rendered":"\n<p><\/p>\n\n\n\n<p>La directora del Hospital de La Toma, Mar\u00eda Celeste Fern\u00e1ndez, renunci\u00f3 al cargo cuestionando duramente la gesti\u00f3n del Gobierno provincial en el \u00e1mbito de la salud.<\/p>\n\n\n\n<p>En su carta de dimisi\u00f3n, Fern\u00e1ndez expres\u00f3 su malestar por los descuentos aplicados en el \u00abadicional por cargo de jefatura\u00bb que recibi\u00f3 sin explicaci\u00f3n alguna, pese a haberla solicitado.<\/p>\n\n\n\n<p>Adem\u00e1s de este reclamo, la m\u00e9dica critic\u00f3 la falta de trabajo en equipo con objetivos claros, lo que, seg\u00fan ella, impide brindar la cobertura m\u00ednima de servicios que la comunidad necesita.<\/p>\n\n\n\n<p>Fern\u00e1ndez tambi\u00e9n mencion\u00f3 que, durante todo el a\u00f1o en el que fue directora del centro de salud, solicit\u00f3 sin \u00e9xito mejoras estructurales. A esto se suman sus cr\u00edticas por las demoras en los nombramientos de profesionales, especialmente de especialistas, en distintas \u00e1reas del hospital.<\/p>\n\n\n\n<p>\u201cMe ha sido muy dif\u00edcil no contar con el apoyo de los referentes pol\u00edticos afines a nuestro gobierno; en varias ocasiones, incluso, me enfrent\u00e9 a pol\u00edticos del mismo partido cuyas decisiones perjudicaron a la instituci\u00f3n\u201d, expres\u00f3 en la misiva dirigida a la ministra de Salud, Teresa Nigra.<\/p>\n\n\n\n<p>Y destac\u00f3 que el a\u00f1o al frente del hospital \u00abfue muy dif\u00edcil de transitar sin sentir el apoyo del nivel central a la gesti\u00f3n local, siendo nosotros los representantes de la salud p\u00fablica en mi localidad\u00bb.<\/p>\n\n\n\n<p>La renuncia fue presentada el 8 de noviembre; y se har\u00e1 efectiva el 8 de diciembre.<\/p>\n","protected":false},"excerpt":{"rendered":"<p>La directora del Hospital de La Toma, Mar\u00eda Celeste Fern\u00e1ndez, renunci\u00f3 al cargo cuestionando duramente la gesti\u00f3n del Gobierno provincial en el \u00e1mbito de la salud. En su carta de dimisi\u00f3n, Fern\u00e1ndez expres\u00f3 su malestar por los descuentos aplicados en el \u00abadicional por cargo de jefatura\u00bb que recibi\u00f3 sin explicaci\u00f3n alguna, pese a haberla solicitado. [&hellip;]<\/p>\n","protected":false},"author":1,"featured_media":2979,"comment_status":"open","ping_status":"open","sticky":false,"template":"","format":"standard","meta":{"footnotes":""},"categories":[3,2],"tags":[],"class_list":["post-2978","post","type-post","status-publish","format-standard","has-post-thumbnail","hentry","category-la-toma","category-pringles"],"_links":{"self":[{"href":"https:\/\/vecinosdelinterior.com\/index.php\/wp-json\/wp\/v2\/posts\/2978","targetHints":{"allow":["GET"]}}],"collection":[{"href":"https:\/\/vecinosdelinterior.com\/index.php\/wp-json\/wp\/v2\/posts"}],"about":[{"href":"https:\/\/vecinosdelinterior.com\/index.php\/wp-json\/wp\/v2\/types\/post"}],"author":[{"embeddable":true,"href":"https:\/\/vecinosdelinterior.com\/index.php\/wp-json\/wp\/v2\/users\/1"}],"replies":[{"embeddable":true,"href":"https:\/\/vecinosdelinterior.com\/index.php\/wp-json\/wp\/v2\/comments?post=2978"}],"version-history":[{"count":1,"href":"https:\/\/vecinosdelinterior.com\/index.php\/wp-json\/wp\/v2\/posts\/2978\/revisions"}],"predecessor-version":[{"id":2980,"href":"https:\/\/vecinosdelinterior.com\/index.php\/wp-json\/wp\/v2\/posts\/2978\/revisions\/2980"}],"wp:featuredmedia":[{"embeddable":true,"href":"https:\/\/vecinosdelinterior.com\/index.php\/wp-json\/wp\/v2\/media\/2979"}],"wp:attachment":[{"href":"https:\/\/vecinosdelinterior.com\/index.php\/wp-json\/wp\/v2\/media?parent=2978"}],"wp:term":[{"taxonomy":"category","embeddable":true,"href":"https:\/\/vecinosdelinterior.com\/index.php\/wp-json\/wp\/v2\/categories?post=2978"},{"taxonomy":"post_tag","embeddable":true,"href":"https:\/\/vecinosdelinterior.com\/index.php\/wp-json\/wp\/v2\/tags?post=2978"}],"curies":[{"name":"wp","href":"https:\/\/api.w.org\/{rel}","templated":true}]}}