{"id":2981,"date":"2024-11-11T22:34:15","date_gmt":"2024-11-12T01:34:15","guid":{"rendered":"https:\/\/vecinosdelinterior.com\/?p=2981"},"modified":"2024-11-11T22:34:16","modified_gmt":"2024-11-12T01:34:16","slug":"la-florida-recibio-a-mas-de-300-ciclistas-de-todo-el-pais-en-el-gran-fondo-de-mountain-bike","status":"publish","type":"post","link":"https:\/\/vecinosdelinterior.com\/index.php\/2024\/11\/11\/la-florida-recibio-a-mas-de-300-ciclistas-de-todo-el-pais-en-el-gran-fondo-de-mountain-bike\/","title":{"rendered":"La Florida recibi\u00f3 a m\u00e1s de 300 ciclistas de todo el pa\u00eds en el Gran Fondo de Mountain Bike"},"content":{"rendered":"\n<p><\/p>\n\n\n\n<p>La competencia plante\u00f3 un circuito desafiante que atrajo a deportistas locales, de Buenos Aires, Santa Fe, Mendoza, C\u00f3rdoba, La Rioja, La Pampa, San Juan y Catamarca. El recorrido atraves\u00f3 por los senderos de La Florida, Balde de Isla, Virgen del Valle, Riocito, Los Membrillos, Paso del Rey y Virgen de la Cobrera.<\/p>\n\n\n\n<p>Alrededor de 50 kil\u00f3metros de distancia separan a La Florida de la capital puntana. Una localidad tranquila que se destaca por sus imponentes paisajes naturales y que este 10 de noviembre fue escenario de la primera gran edici\u00f3n de El Gran Fondo de MTB.<\/p>\n\n\n\n<figure class=\"wp-block-image size-large\"><img fetchpriority=\"high\" decoding=\"async\" width=\"1024\" height=\"682\" src=\"https:\/\/vecinosdelinterior.com\/wp-content\/uploads\/2024\/11\/FLORIDA-7-1024x682.jpeg\" alt=\"\" class=\"wp-image-2982\" srcset=\"https:\/\/vecinosdelinterior.com\/wp-content\/uploads\/2024\/11\/FLORIDA-7-1024x682.jpeg 1024w, https:\/\/vecinosdelinterior.com\/wp-content\/uploads\/2024\/11\/FLORIDA-7-300x200.jpeg 300w, https:\/\/vecinosdelinterior.com\/wp-content\/uploads\/2024\/11\/FLORIDA-7-768x512.jpeg 768w, https:\/\/vecinosdelinterior.com\/wp-content\/uploads\/2024\/11\/FLORIDA-7-750x500.jpeg 750w, https:\/\/vecinosdelinterior.com\/wp-content\/uploads\/2024\/11\/FLORIDA-7-1140x760.jpeg 1140w, https:\/\/vecinosdelinterior.com\/wp-content\/uploads\/2024\/11\/FLORIDA-7.jpeg 1280w\" sizes=\"(max-width: 1024px) 100vw, 1024px\" \/><\/figure>\n\n\n\n<p>Fueron m\u00e1s de 300 ciclistas de toda la Argentina que llegaron a competir en dos distancias: 85 y 45 kil\u00f3metros. Un recorrido fascinante que atraves\u00f3 por los senderos de La Florida, Balde de Isla, Virgen del Valle, Riocito, Los Membrillos, Paso del Rey y Virgen de la Cobrera.<\/p>\n\n\n\n<p>\u201cTuvimos una gran convocatoria de diferentes provincias, en un evento que fomenta no solo el deporte, sino tambi\u00e9n la salud, el turismo. Es muy importante que nuestros ciclistas puedan tener la posibilidad de correr una carrera de estas caracter\u00edsticas y medirse con corredores de afuera\u201d, se\u00f1al\u00f3 Silvana Ag\u00fcero Patafio, una de las organizadoras de la competencia, quien adelant\u00f3 que ya sue\u00f1an con la segunda edici\u00f3n.<\/p>\n\n\n\n<p>\u201cEstamos felices porque el objetivo es el de generar turismo a trav\u00e9s del deporte. Es una manera de beneficiar a toda la provincia. Buscamos que sea una carrera integradora para que todos los sectores se vieran beneficiados y fue una gran sorpresa superar a los 300 inscriptos\u201d, expres\u00f3 el triatleta Fernando Di Napoli.<\/p>\n\n\n\n<figure class=\"wp-block-gallery has-nested-images columns-default is-cropped wp-block-gallery-1 is-layout-flex wp-block-gallery-is-layout-flex\">\n<figure class=\"wp-block-image size-large\"><img decoding=\"async\" width=\"1024\" height=\"682\" data-id=\"2983\" src=\"https:\/\/vecinosdelinterior.com\/wp-content\/uploads\/2024\/11\/FLORIDA-4-1024x682.jpeg\" alt=\"\" class=\"wp-image-2983\" srcset=\"https:\/\/vecinosdelinterior.com\/wp-content\/uploads\/2024\/11\/FLORIDA-4-1024x682.jpeg 1024w, https:\/\/vecinosdelinterior.com\/wp-content\/uploads\/2024\/11\/FLORIDA-4-300x200.jpeg 300w, https:\/\/vecinosdelinterior.com\/wp-content\/uploads\/2024\/11\/FLORIDA-4-768x512.jpeg 768w, https:\/\/vecinosdelinterior.com\/wp-content\/uploads\/2024\/11\/FLORIDA-4-750x500.jpeg 750w, https:\/\/vecinosdelinterior.com\/wp-content\/uploads\/2024\/11\/FLORIDA-4-1140x760.jpeg 1140w, https:\/\/vecinosdelinterior.com\/wp-content\/uploads\/2024\/11\/FLORIDA-4.jpeg 1280w\" sizes=\"(max-width: 1024px) 100vw, 1024px\" \/><\/figure>\n\n\n\n<figure class=\"wp-block-image size-large\"><img decoding=\"async\" width=\"1024\" height=\"684\" data-id=\"2984\" src=\"https:\/\/vecinosdelinterior.com\/wp-content\/uploads\/2024\/11\/FLORIDA-2-1024x684.jpeg\" alt=\"\" class=\"wp-image-2984\" srcset=\"https:\/\/vecinosdelinterior.com\/wp-content\/uploads\/2024\/11\/FLORIDA-2-1024x684.jpeg 1024w, https:\/\/vecinosdelinterior.com\/wp-content\/uploads\/2024\/11\/FLORIDA-2-300x200.jpeg 300w, https:\/\/vecinosdelinterior.com\/wp-content\/uploads\/2024\/11\/FLORIDA-2-768x513.jpeg 768w, https:\/\/vecinosdelinterior.com\/wp-content\/uploads\/2024\/11\/FLORIDA-2-750x501.jpeg 750w, https:\/\/vecinosdelinterior.com\/wp-content\/uploads\/2024\/11\/FLORIDA-2-1140x761.jpeg 1140w, https:\/\/vecinosdelinterior.com\/wp-content\/uploads\/2024\/11\/FLORIDA-2.jpeg 1280w\" sizes=\"(max-width: 1024px) 100vw, 1024px\" \/><\/figure>\n<\/figure>\n\n\n\n<p>\u201cHicimos la largada en La Florida con sus paisajes so\u00f1ados, fue un gran trabajo de log\u00edstica, hubo mucha dedicaci\u00f3n y coraz\u00f3n. Tuvimos el acompa\u00f1amiento de la municipalidad de El Trapiche, localidad que llen\u00f3 sus caba\u00f1as por la gran demanda de esta carrera. Queremos que el turismo siga creciendo y ser parte del desarrollo de la provincia\u201d, agreg\u00f3 Di Napoli.<\/p>\n\n\n\n<p>Las categor\u00edas del Gran Fondo de MTB estuvieron dividas en E Bike y Gravel, 85 km MTB Y 45 MTB. El rango etario de los participantes fue de 15 a 75 a\u00f1os.<\/p>\n\n\n\n<p>El ganador de la competencia en la categor\u00eda general de hombres fue Christian Espamer, del Desaf\u00edo Los Reartes de C\u00f3rdoba; y Juliana Ayora, del Team Venzo de Tunuy\u00e1n Mendoza, quienes fueron premiados en \u201cChill Club\u201d, a las orillas del Dique La Florida junto con todos los competidores.<\/p>\n","protected":false},"excerpt":{"rendered":"<p>La competencia plante\u00f3 un circuito desafiante que atrajo a deportistas locales, de Buenos Aires, Santa Fe, Mendoza, C\u00f3rdoba, La Rioja, La Pampa, San Juan y Catamarca. El recorrido atraves\u00f3 por los senderos de La Florida, Balde de Isla, Virgen del Valle, Riocito, Los Membrillos, Paso del Rey y Virgen de la Cobrera. Alrededor de 50 [&hellip;]<\/p>\n","protected":false},"author":1,"featured_media":2984,"comment_status":"open","ping_status":"open","sticky":false,"template":"","format":"standard","meta":{"footnotes":""},"categories":[1],"tags":[447,391,465],"class_list":["post-2981","post","type-post","status-publish","format-standard","has-post-thumbnail","hentry","category-blog","tag-deportes","tag-eventos","tag-la-florida"],"_links":{"self":[{"href":"https:\/\/vecinosdelinterior.com\/index.php\/wp-json\/wp\/v2\/posts\/2981","targetHints":{"allow":["GET"]}}],"collection":[{"href":"https:\/\/vecinosdelinterior.com\/index.php\/wp-json\/wp\/v2\/posts"}],"about":[{"href":"https:\/\/vecinosdelinterior.com\/index.php\/wp-json\/wp\/v2\/types\/post"}],"author":[{"embeddable":true,"href":"https:\/\/vecinosdelinterior.com\/index.php\/wp-json\/wp\/v2\/users\/1"}],"replies":[{"embeddable":true,"href":"https:\/\/vecinosdelinterior.com\/index.php\/wp-json\/wp\/v2\/comments?post=2981"}],"version-history":[{"count":1,"href":"https:\/\/vecinosdelinterior.com\/index.php\/wp-json\/wp\/v2\/posts\/2981\/revisions"}],"predecessor-version":[{"id":2985,"href":"https:\/\/vecinosdelinterior.com\/index.php\/wp-json\/wp\/v2\/posts\/2981\/revisions\/2985"}],"wp:featuredmedia":[{"embeddable":true,"href":"https:\/\/vecinosdelinterior.com\/index.php\/wp-json\/wp\/v2\/media\/2984"}],"wp:attachment":[{"href":"https:\/\/vecinosdelinterior.com\/index.php\/wp-json\/wp\/v2\/media?parent=2981"}],"wp:term":[{"taxonomy":"category","embeddable":true,"href":"https:\/\/vecinosdelinterior.com\/index.php\/wp-json\/wp\/v2\/categories?post=2981"},{"taxonomy":"post_tag","embeddable":true,"href":"https:\/\/vecinosdelinterior.com\/index.php\/wp-json\/wp\/v2\/tags?post=2981"}],"curies":[{"name":"wp","href":"https:\/\/api.w.org\/{rel}","templated":true}]}}