{"id":2989,"date":"2024-11-12T12:38:00","date_gmt":"2024-11-12T15:38:00","guid":{"rendered":"https:\/\/vecinosdelinterior.com\/?p=2989"},"modified":"2024-11-12T12:40:13","modified_gmt":"2024-11-12T15:40:13","slug":"lafinur-festejara-el-145-aniversario-de-su-fundacion","status":"publish","type":"post","link":"https:\/\/vecinosdelinterior.com\/index.php\/2024\/11\/12\/lafinur-festejara-el-145-aniversario-de-su-fundacion\/","title":{"rendered":"Lafinur festejar\u00e1 el 145 aniversario de su fundaci\u00f3n"},"content":{"rendered":"\n<p><\/p>\n\n\n\n<p>Caracterizan a este pueblo la paz y la naturaleza que invita a desconectar y disfrutar de la tranquilidad. Desde la plaza Independencia hasta paisajes plenos de belleza que lo rodean, cada rinc\u00f3n es un reflejo de la calidez de su gente, que d\u00eda a d\u00eda hacen culto a su historia y sus costumbres.<\/p>\n\n\n\n<p>La localidad de Lafinur cumplir\u00e1 145 a\u00f1os de fundaci\u00f3n y lo celebrar\u00e1 el viernes 15 a las 20:00 en el Polideportivo Municipal con entrada libre y gratuita. El evento comenzar\u00e1 con un acto protocolar donde se reconocer\u00e1 a vecinos hist\u00f3ricos, posteriormente se presentar\u00e1n n\u00fameros folcl\u00f3ricos. Habr\u00e1 gastronom\u00eda local y para el cierre de la noche est\u00e1 predispuesto un baile con el grupo \u2018La F\u00f3rmula\u2019. La localidad est\u00e1 ubicada en el departamento Jun\u00edn, anteriormente llevaba el nombre de Paraje Tras La Loma. En 1856 se fund\u00f3 y en 1906 se instal\u00f3 la escuela.<\/p>\n\n\n\n<figure class=\"wp-block-gallery has-nested-images columns-default is-cropped wp-block-gallery-1 is-layout-flex wp-block-gallery-is-layout-flex\">\n<figure class=\"wp-block-image size-large\"><img fetchpriority=\"high\" decoding=\"async\" width=\"1024\" height=\"576\" data-id=\"2992\" src=\"https:\/\/vecinosdelinterior.com\/wp-content\/uploads\/2024\/11\/LA-FINUR-2-1024x576.jpeg\" alt=\"\" class=\"wp-image-2992\" srcset=\"https:\/\/vecinosdelinterior.com\/wp-content\/uploads\/2024\/11\/LA-FINUR-2-1024x576.jpeg 1024w, https:\/\/vecinosdelinterior.com\/wp-content\/uploads\/2024\/11\/LA-FINUR-2-300x169.jpeg 300w, https:\/\/vecinosdelinterior.com\/wp-content\/uploads\/2024\/11\/LA-FINUR-2-768x432.jpeg 768w, https:\/\/vecinosdelinterior.com\/wp-content\/uploads\/2024\/11\/LA-FINUR-2-1536x864.jpeg 1536w, https:\/\/vecinosdelinterior.com\/wp-content\/uploads\/2024\/11\/LA-FINUR-2-750x422.jpeg 750w, https:\/\/vecinosdelinterior.com\/wp-content\/uploads\/2024\/11\/LA-FINUR-2-1140x641.jpeg 1140w, https:\/\/vecinosdelinterior.com\/wp-content\/uploads\/2024\/11\/LA-FINUR-2.jpeg 1600w\" sizes=\"(max-width: 1024px) 100vw, 1024px\" \/><\/figure>\n\n\n\n<figure class=\"wp-block-image size-large\"><img decoding=\"async\" width=\"1024\" height=\"1024\" data-id=\"2991\" src=\"https:\/\/vecinosdelinterior.com\/wp-content\/uploads\/2024\/11\/FXGVNB-1024x1024.jpeg\" alt=\"\" class=\"wp-image-2991\" srcset=\"https:\/\/vecinosdelinterior.com\/wp-content\/uploads\/2024\/11\/FXGVNB-1024x1024.jpeg 1024w, https:\/\/vecinosdelinterior.com\/wp-content\/uploads\/2024\/11\/FXGVNB-300x300.jpeg 300w, https:\/\/vecinosdelinterior.com\/wp-content\/uploads\/2024\/11\/FXGVNB-150x150.jpeg 150w, https:\/\/vecinosdelinterior.com\/wp-content\/uploads\/2024\/11\/FXGVNB-768x768.jpeg 768w, https:\/\/vecinosdelinterior.com\/wp-content\/uploads\/2024\/11\/FXGVNB-75x75.jpeg 75w, https:\/\/vecinosdelinterior.com\/wp-content\/uploads\/2024\/11\/FXGVNB-750x750.jpeg 750w, https:\/\/vecinosdelinterior.com\/wp-content\/uploads\/2024\/11\/FXGVNB.jpeg 1080w\" sizes=\"(max-width: 1024px) 100vw, 1024px\" \/><\/figure>\n\n\n\n<figure class=\"wp-block-image size-large\"><img decoding=\"async\" width=\"1024\" height=\"1024\" data-id=\"2990\" src=\"https:\/\/vecinosdelinterior.com\/wp-content\/uploads\/2024\/11\/LA-FINUR-4-1024x1024.jpeg\" alt=\"\" class=\"wp-image-2990\" srcset=\"https:\/\/vecinosdelinterior.com\/wp-content\/uploads\/2024\/11\/LA-FINUR-4-1024x1024.jpeg 1024w, https:\/\/vecinosdelinterior.com\/wp-content\/uploads\/2024\/11\/LA-FINUR-4-300x300.jpeg 300w, https:\/\/vecinosdelinterior.com\/wp-content\/uploads\/2024\/11\/LA-FINUR-4-150x150.jpeg 150w, https:\/\/vecinosdelinterior.com\/wp-content\/uploads\/2024\/11\/LA-FINUR-4-768x768.jpeg 768w, https:\/\/vecinosdelinterior.com\/wp-content\/uploads\/2024\/11\/LA-FINUR-4-75x75.jpeg 75w, https:\/\/vecinosdelinterior.com\/wp-content\/uploads\/2024\/11\/LA-FINUR-4-750x750.jpeg 750w, https:\/\/vecinosdelinterior.com\/wp-content\/uploads\/2024\/11\/LA-FINUR-4.jpeg 1080w\" sizes=\"(max-width: 1024px) 100vw, 1024px\" \/><\/figure>\n<\/figure>\n","protected":false},"excerpt":{"rendered":"<p>Caracterizan a este pueblo la paz y la naturaleza que invita a desconectar y disfrutar de la tranquilidad. Desde la plaza Independencia hasta paisajes plenos de belleza que lo rodean, cada rinc\u00f3n es un reflejo de la calidez de su gente, que d\u00eda a d\u00eda hacen culto a su historia y sus costumbres. La localidad [&hellip;]<\/p>\n","protected":false},"author":1,"featured_media":2990,"comment_status":"open","ping_status":"open","sticky":false,"template":"","format":"standard","meta":{"footnotes":""},"categories":[1],"tags":[],"class_list":["post-2989","post","type-post","status-publish","format-standard","has-post-thumbnail","hentry","category-blog"],"_links":{"self":[{"href":"https:\/\/vecinosdelinterior.com\/index.php\/wp-json\/wp\/v2\/posts\/2989","targetHints":{"allow":["GET"]}}],"collection":[{"href":"https:\/\/vecinosdelinterior.com\/index.php\/wp-json\/wp\/v2\/posts"}],"about":[{"href":"https:\/\/vecinosdelinterior.com\/index.php\/wp-json\/wp\/v2\/types\/post"}],"author":[{"embeddable":true,"href":"https:\/\/vecinosdelinterior.com\/index.php\/wp-json\/wp\/v2\/users\/1"}],"replies":[{"embeddable":true,"href":"https:\/\/vecinosdelinterior.com\/index.php\/wp-json\/wp\/v2\/comments?post=2989"}],"version-history":[{"count":1,"href":"https:\/\/vecinosdelinterior.com\/index.php\/wp-json\/wp\/v2\/posts\/2989\/revisions"}],"predecessor-version":[{"id":2993,"href":"https:\/\/vecinosdelinterior.com\/index.php\/wp-json\/wp\/v2\/posts\/2989\/revisions\/2993"}],"wp:featuredmedia":[{"embeddable":true,"href":"https:\/\/vecinosdelinterior.com\/index.php\/wp-json\/wp\/v2\/media\/2990"}],"wp:attachment":[{"href":"https:\/\/vecinosdelinterior.com\/index.php\/wp-json\/wp\/v2\/media?parent=2989"}],"wp:term":[{"taxonomy":"category","embeddable":true,"href":"https:\/\/vecinosdelinterior.com\/index.php\/wp-json\/wp\/v2\/categories?post=2989"},{"taxonomy":"post_tag","embeddable":true,"href":"https:\/\/vecinosdelinterior.com\/index.php\/wp-json\/wp\/v2\/tags?post=2989"}],"curies":[{"name":"wp","href":"https:\/\/api.w.org\/{rel}","templated":true}]}}