{"id":3012,"date":"2024-11-13T08:12:00","date_gmt":"2024-11-13T11:12:00","guid":{"rendered":"https:\/\/vecinosdelinterior.com\/?p=3012"},"modified":"2024-11-14T21:16:26","modified_gmt":"2024-11-15T00:16:26","slug":"buena-esperanza-se-capacita-en-gestion-de-residuos","status":"publish","type":"post","link":"https:\/\/vecinosdelinterior.com\/index.php\/2024\/11\/13\/buena-esperanza-se-capacita-en-gestion-de-residuos\/","title":{"rendered":"Buena Esperanza se capacita en Gesti\u00f3n de Residuos"},"content":{"rendered":"\n<p>Este mi\u00e9rcoles se brinda una capacitaci\u00f3n en Gesti\u00f3n de Residuos destinada a empleados municipales, funcionarios, representantes del sector p\u00fablico y privado, vecinos y p\u00fablico en general, <\/p>\n\n\n\n<p>Esta jornada es con el fin de mejorar juntos en el cuidado del medio ambiente.<\/p>\n\n\n\n<p>La capacitaci\u00f3n gratuita ser\u00e1 brindada en el Sal\u00f3n de Cultura Municipal a las 9:30 hs<\/p>\n\n\n\n<figure class=\"wp-block-image size-large\"><img fetchpriority=\"high\" decoding=\"async\" width=\"1024\" height=\"1024\" src=\"https:\/\/vecinosdelinterior.com\/wp-content\/uploads\/2024\/11\/466848644_122183694980146161_1746680961905742829_n-1024x1024.jpg\" alt=\"\" class=\"wp-image-3013\" srcset=\"https:\/\/vecinosdelinterior.com\/wp-content\/uploads\/2024\/11\/466848644_122183694980146161_1746680961905742829_n-1024x1024.jpg 1024w, https:\/\/vecinosdelinterior.com\/wp-content\/uploads\/2024\/11\/466848644_122183694980146161_1746680961905742829_n-300x300.jpg 300w, https:\/\/vecinosdelinterior.com\/wp-content\/uploads\/2024\/11\/466848644_122183694980146161_1746680961905742829_n-150x150.jpg 150w, https:\/\/vecinosdelinterior.com\/wp-content\/uploads\/2024\/11\/466848644_122183694980146161_1746680961905742829_n-768x768.jpg 768w, https:\/\/vecinosdelinterior.com\/wp-content\/uploads\/2024\/11\/466848644_122183694980146161_1746680961905742829_n-75x75.jpg 75w, https:\/\/vecinosdelinterior.com\/wp-content\/uploads\/2024\/11\/466848644_122183694980146161_1746680961905742829_n-750x750.jpg 750w, https:\/\/vecinosdelinterior.com\/wp-content\/uploads\/2024\/11\/466848644_122183694980146161_1746680961905742829_n.jpg 1080w\" sizes=\"(max-width: 1024px) 100vw, 1024px\" \/><\/figure>\n","protected":false},"excerpt":{"rendered":"<p>Este mi\u00e9rcoles se brinda una capacitaci\u00f3n en Gesti\u00f3n de Residuos destinada a empleados municipales, funcionarios, representantes del sector p\u00fablico y privado, vecinos y p\u00fablico en general, Esta jornada es con el fin de mejorar juntos en el cuidado del medio ambiente. La capacitaci\u00f3n gratuita ser\u00e1 brindada en el Sal\u00f3n de Cultura Municipal a las 9:30 [&hellip;]<\/p>\n","protected":false},"author":1,"featured_media":0,"comment_status":"open","ping_status":"open","sticky":false,"template":"","format":"standard","meta":{"footnotes":""},"categories":[18,16],"tags":[177,176],"class_list":["post-3012","post","type-post","status-publish","format-standard","hentry","category-buena-esperanza-dupuy","category-dupuy","tag-gestiones-destacadas","tag-medioambiente"],"_links":{"self":[{"href":"https:\/\/vecinosdelinterior.com\/index.php\/wp-json\/wp\/v2\/posts\/3012","targetHints":{"allow":["GET"]}}],"collection":[{"href":"https:\/\/vecinosdelinterior.com\/index.php\/wp-json\/wp\/v2\/posts"}],"about":[{"href":"https:\/\/vecinosdelinterior.com\/index.php\/wp-json\/wp\/v2\/types\/post"}],"author":[{"embeddable":true,"href":"https:\/\/vecinosdelinterior.com\/index.php\/wp-json\/wp\/v2\/users\/1"}],"replies":[{"embeddable":true,"href":"https:\/\/vecinosdelinterior.com\/index.php\/wp-json\/wp\/v2\/comments?post=3012"}],"version-history":[{"count":1,"href":"https:\/\/vecinosdelinterior.com\/index.php\/wp-json\/wp\/v2\/posts\/3012\/revisions"}],"predecessor-version":[{"id":3014,"href":"https:\/\/vecinosdelinterior.com\/index.php\/wp-json\/wp\/v2\/posts\/3012\/revisions\/3014"}],"wp:attachment":[{"href":"https:\/\/vecinosdelinterior.com\/index.php\/wp-json\/wp\/v2\/media?parent=3012"}],"wp:term":[{"taxonomy":"category","embeddable":true,"href":"https:\/\/vecinosdelinterior.com\/index.php\/wp-json\/wp\/v2\/categories?post=3012"},{"taxonomy":"post_tag","embeddable":true,"href":"https:\/\/vecinosdelinterior.com\/index.php\/wp-json\/wp\/v2\/tags?post=3012"}],"curies":[{"name":"wp","href":"https:\/\/api.w.org\/{rel}","templated":true}]}}