{"id":3015,"date":"2024-11-15T14:21:02","date_gmt":"2024-11-15T17:21:02","guid":{"rendered":"https:\/\/vecinosdelinterior.com\/?p=3015"},"modified":"2024-11-15T14:21:02","modified_gmt":"2024-11-15T17:21:02","slug":"alumnos-de-buena-esperanza-recibieron-una-charla-de-concientizacion-sobre-discapacidad","status":"publish","type":"post","link":"https:\/\/vecinosdelinterior.com\/index.php\/2024\/11\/15\/alumnos-de-buena-esperanza-recibieron-una-charla-de-concientizacion-sobre-discapacidad\/","title":{"rendered":"Alumnos de Buena Esperanza recibieron una charla de concientizaci\u00f3n sobre discapacidad"},"content":{"rendered":"\n<p><\/p>\n\n\n\n<p>Continuando las pol\u00edticas de inclusi\u00f3n, el secretario de personas con discapacidad visit\u00f3 la Escuela \u2018Provincia de La Pampa\u2019, recorri\u00f3 las instalaciones y abord\u00f3 temas relacionados con la atenci\u00f3n de los estudiantes con discapacidad.<\/p>\n\n\n\n<p><br>La directora de la escuela N\u00b0191 de Buena Esperanza, Jessica Bartolussi, junto a la secretaria Marcela Peralta, recibieron a Luis Giraudo, el secretario de Discapacidad, quien viaj\u00f3 al sur provincial para darles a los alumnos una charla de concientizaci\u00f3n. Compartieron detalles sobre la matr\u00edcula del centro educativo, que actualmente alberga a 420 alumnos, distribuidos en dos turnos de ma\u00f1ana y tarde. De estos estudiantes, solo un peque\u00f1o porcentaje (1%) presenta alguna condici\u00f3n de discapacidad, entre ellos, tres con Certificado \u00danico de Discapacidad (CUD) y cuatro m\u00e1s que est\u00e1n en proceso de tramitaci\u00f3n del CUD.<\/p>\n\n\n\n<figure class=\"wp-block-image size-large\"><img fetchpriority=\"high\" decoding=\"async\" width=\"1024\" height=\"683\" src=\"https:\/\/vecinosdelinterior.com\/wp-content\/uploads\/2024\/11\/charla-buena-esperanza_13-11-2024_01-2048x1365-1-1024x683.jpg\" alt=\"\" class=\"wp-image-3016\" srcset=\"https:\/\/vecinosdelinterior.com\/wp-content\/uploads\/2024\/11\/charla-buena-esperanza_13-11-2024_01-2048x1365-1-1024x683.jpg 1024w, https:\/\/vecinosdelinterior.com\/wp-content\/uploads\/2024\/11\/charla-buena-esperanza_13-11-2024_01-2048x1365-1-300x200.jpg 300w, https:\/\/vecinosdelinterior.com\/wp-content\/uploads\/2024\/11\/charla-buena-esperanza_13-11-2024_01-2048x1365-1-768x512.jpg 768w, https:\/\/vecinosdelinterior.com\/wp-content\/uploads\/2024\/11\/charla-buena-esperanza_13-11-2024_01-2048x1365-1-1536x1024.jpg 1536w, https:\/\/vecinosdelinterior.com\/wp-content\/uploads\/2024\/11\/charla-buena-esperanza_13-11-2024_01-2048x1365-1-750x500.jpg 750w, https:\/\/vecinosdelinterior.com\/wp-content\/uploads\/2024\/11\/charla-buena-esperanza_13-11-2024_01-2048x1365-1-1140x760.jpg 1140w, https:\/\/vecinosdelinterior.com\/wp-content\/uploads\/2024\/11\/charla-buena-esperanza_13-11-2024_01-2048x1365-1.jpg 2048w\" sizes=\"(max-width: 1024px) 100vw, 1024px\" \/><\/figure>\n\n\n\n<p>Giraudo consult\u00f3 sobre las necesidades de la escuela en cuanto a la atenci\u00f3n de alumnos con condiciones como el autismo, s\u00edndrome de Down, retraso en el desarrollo y Trastorno por D\u00e9ficit de Atenci\u00f3n e Hiperactividad (TDAH). Bartolussi solicit\u00f3 la incorporaci\u00f3n de docentes especializados en educaci\u00f3n especial para brindar el acompa\u00f1amiento adecuado a estos ni\u00f1os. La escuela cuenta con instalaciones adaptadas, como un ba\u00f1o adaptado y rampas para garantizar la accesibilidad.<\/p>\n\n\n\n<p>La charla que Giraudo lleva a todas las escuela est\u00e1 titulada \u2018Un vistazo a la discapacidad\u2019. Participaron alumnos de 1\u00b0 a 3\u00b0 grado del turno ma\u00f1ana y es un encuentro dise\u00f1ado especialmente para ni\u00f1os de entre seis y 10 a\u00f1os. Con un vocabulario claro y sencillo, permite que los chicois comprendan conceptos y su impacto en la sociedad. Esta actividad, que tuvo el acompa\u00f1amiento de la intendenta de Buena Esperanza, Sof\u00eda Larroud\u00e9, busc\u00f3 sensibilizarlos sobre la importancia de la inclusi\u00f3n y el respeto hacia las personas con discapacidad.<\/p>\n\n\n\n<p>\u201cEs fundamental continuar trabajando para que todos los ni\u00f1os tengan las mismas oportunidades de aprendizaje y desarrollo, independientemente de sus condiciones. La concientizaci\u00f3n desde una edad temprana es un paso clave para construir una sociedad m\u00e1s inclusiva y respetuosa\u201d, expres\u00f3 Giraudo en la despedida.<\/p>\n","protected":false},"excerpt":{"rendered":"<p>Continuando las pol\u00edticas de inclusi\u00f3n, el secretario de personas con discapacidad visit\u00f3 la Escuela \u2018Provincia de La Pampa\u2019, recorri\u00f3 las instalaciones y abord\u00f3 temas relacionados con la atenci\u00f3n de los estudiantes con discapacidad. La directora de la escuela N\u00b0191 de Buena Esperanza, Jessica Bartolussi, junto a la secretaria Marcela Peralta, recibieron a Luis Giraudo, el [&hellip;]<\/p>\n","protected":false},"author":1,"featured_media":3016,"comment_status":"open","ping_status":"open","sticky":false,"template":"","format":"standard","meta":{"footnotes":""},"categories":[18,16],"tags":[],"class_list":["post-3015","post","type-post","status-publish","format-standard","has-post-thumbnail","hentry","category-buena-esperanza-dupuy","category-dupuy"],"_links":{"self":[{"href":"https:\/\/vecinosdelinterior.com\/index.php\/wp-json\/wp\/v2\/posts\/3015","targetHints":{"allow":["GET"]}}],"collection":[{"href":"https:\/\/vecinosdelinterior.com\/index.php\/wp-json\/wp\/v2\/posts"}],"about":[{"href":"https:\/\/vecinosdelinterior.com\/index.php\/wp-json\/wp\/v2\/types\/post"}],"author":[{"embeddable":true,"href":"https:\/\/vecinosdelinterior.com\/index.php\/wp-json\/wp\/v2\/users\/1"}],"replies":[{"embeddable":true,"href":"https:\/\/vecinosdelinterior.com\/index.php\/wp-json\/wp\/v2\/comments?post=3015"}],"version-history":[{"count":1,"href":"https:\/\/vecinosdelinterior.com\/index.php\/wp-json\/wp\/v2\/posts\/3015\/revisions"}],"predecessor-version":[{"id":3017,"href":"https:\/\/vecinosdelinterior.com\/index.php\/wp-json\/wp\/v2\/posts\/3015\/revisions\/3017"}],"wp:featuredmedia":[{"embeddable":true,"href":"https:\/\/vecinosdelinterior.com\/index.php\/wp-json\/wp\/v2\/media\/3016"}],"wp:attachment":[{"href":"https:\/\/vecinosdelinterior.com\/index.php\/wp-json\/wp\/v2\/media?parent=3015"}],"wp:term":[{"taxonomy":"category","embeddable":true,"href":"https:\/\/vecinosdelinterior.com\/index.php\/wp-json\/wp\/v2\/categories?post=3015"},{"taxonomy":"post_tag","embeddable":true,"href":"https:\/\/vecinosdelinterior.com\/index.php\/wp-json\/wp\/v2\/tags?post=3015"}],"curies":[{"name":"wp","href":"https:\/\/api.w.org\/{rel}","templated":true}]}}