{"id":3018,"date":"2024-11-15T13:22:00","date_gmt":"2024-11-15T16:22:00","guid":{"rendered":"https:\/\/vecinosdelinterior.com\/?p=3018"},"modified":"2024-11-15T14:23:49","modified_gmt":"2024-11-15T17:23:49","slug":"diagramaron-el-operativo-de-seguridad-para-el-rally-de-la-toma","status":"publish","type":"post","link":"https:\/\/vecinosdelinterior.com\/index.php\/2024\/11\/15\/diagramaron-el-operativo-de-seguridad-para-el-rally-de-la-toma\/","title":{"rendered":"Diagramaron el operativo de seguridad para el Rally de La Toma"},"content":{"rendered":"\n<p>La Polic\u00eda de San Luis ya tiene listo el operativo de tr\u00e1nsito para la realizaci\u00f3n del 35\u00b0 Rally de La Toma. Las actividades comenzar\u00e1n este viernes y se extender\u00e1n hasta el domingo en las localidades Las Vertientes, Paso Grande, La Toma y El Morro.<\/p>\n\n\n\n<p>La Polic\u00eda de San Luis brindar\u00e1 la seguridad y el ordenamiento vehicular durante el Rally de La Toma.<br>El viernes, de 09:00 a 15:00 habr\u00e1 tres puestos. El N\u00b01 estar\u00e1 en la escuela de la zona de Los Comederos, donde regular\u00e1n el tr\u00e1nsito vehicular y har\u00e1n tareas de prevenci\u00f3n. La misma tarea desempe\u00f1ar\u00e1n en el Puesto N\u00b02, en el boulevard Las Vertientes, la zona de la escuela y el camping municipal. Finalmente, en el N\u00b03, en la Escuela N\u00b0247 \u2018Granadero Jos\u00e9 Doroteo Arias\u2019, van a ordenar el tr\u00e1nsito en el cruce de caminos y har\u00e1n tareas de prevenci\u00f3n.<\/p>\n\n\n\n<p>Para la largada simb\u00f3lica en La Toma, en la avenida Belgrano frente a la Municipalidad, armar\u00e1n un puesto de control de 18:00 a 23:00.<\/p>\n\n\n\n<p>Habr\u00e1 un servicio de seguridad en el Parque de Asistencia (avenida Centenario y Jos\u00e9 Hern\u00e1ndez, s\u00e1bado y domingo de 7:00 a 17:00), el Parque Cerrado (avenida Centenario, s\u00e1bado de 7:00 a 17:00) y la zona de carga de combustible (estaci\u00f3n YPF de avenida Belgrano y Pedro Garciarena, s\u00e1bado y domingo de 7:00 a 17:00).<\/p>\n\n\n\n<p><strong>Las pruebas especiales del s\u00e1bado tendr\u00e1n el siguiente cronograma:<\/strong><\/p>\n\n\n\n<p>Pruebas especiales 1 y 3 (Bebidas de Las Vacas \u2013 Las Vertientes), habr\u00e1 cierre de rutas a las 9:20 y 13:20.<br>Pruebas Especiales 2 y 4 (Las Vertientes \u2013 Campo Tula) habr\u00e1 cierre de rutas 10:00 y 14:00.<br>El servicio de regulaci\u00f3n de tr\u00e1nsito vehicular en los enlaces de la competencia comenzar\u00e1 el s\u00e1bado a las 8:30 y se extender\u00e1 hasta la finalizaci\u00f3n de la jornada.<\/p>\n\n\n\n<p>El Puesto 1 estar\u00e1 en avenida Centenario y Jos\u00e9 Hern\u00e1ndez, el 2 en ruta provincial N\u00b02 y avenida R\u00edo Conlara (monumento Santo Domingo de Guzm\u00e1n) y el 3 en el cruce de las rutas provinciales N\u00b02 y N\u00b022 (acceso a Paso Grande).<\/p>\n\n\n\n<p>Para las pruebas especiales del domingo establecieron el siguiente cronograma:<\/p>\n\n\n\n<p>Pruebas especiales 5 y 7 (Guanaco del Morro \u2013 ruta provincial N\u00b010), cierre de rutas a las 7:30 y 10:50.<br>Pruebas especiales 6 y 8 (Los Filtros \u2013 ruta provincial N\u00b020), cierre de rutas a las 08:20 y 11:40.<br>El servicio de regulaci\u00f3n del tr\u00e1nsito vehicular en los enlaces de la competencia comenzar\u00e1 el domingo a las 8:00 y se extender\u00e1n hasta la finalizaci\u00f3n de la jornada.<\/p>\n\n\n\n<p>El Puesto N\u00b01 estar\u00e1 en avenida Centenario y Jos\u00e9 Hern\u00e1ndez, el N\u00b02 en la ruta provincial N\u00b02 y avenida Chacabuco y el N\u00b03 en la autopista 55 y la ruta provincial N\u00b010.<\/p>\n","protected":false},"excerpt":{"rendered":"<p>La Polic\u00eda de San Luis ya tiene listo el operativo de tr\u00e1nsito para la realizaci\u00f3n del 35\u00b0 Rally de La Toma. Las actividades comenzar\u00e1n este viernes y se extender\u00e1n hasta el domingo en las localidades Las Vertientes, Paso Grande, La Toma y El Morro. La Polic\u00eda de San Luis brindar\u00e1 la seguridad y el ordenamiento [&hellip;]<\/p>\n","protected":false},"author":1,"featured_media":3019,"comment_status":"open","ping_status":"open","sticky":false,"template":"","format":"standard","meta":{"footnotes":""},"categories":[3,2],"tags":[443,90],"class_list":["post-3018","post","type-post","status-publish","format-standard","has-post-thumbnail","hentry","category-la-toma","category-pringles","tag-deporte","tag-rally-provincial"],"_links":{"self":[{"href":"https:\/\/vecinosdelinterior.com\/index.php\/wp-json\/wp\/v2\/posts\/3018","targetHints":{"allow":["GET"]}}],"collection":[{"href":"https:\/\/vecinosdelinterior.com\/index.php\/wp-json\/wp\/v2\/posts"}],"about":[{"href":"https:\/\/vecinosdelinterior.com\/index.php\/wp-json\/wp\/v2\/types\/post"}],"author":[{"embeddable":true,"href":"https:\/\/vecinosdelinterior.com\/index.php\/wp-json\/wp\/v2\/users\/1"}],"replies":[{"embeddable":true,"href":"https:\/\/vecinosdelinterior.com\/index.php\/wp-json\/wp\/v2\/comments?post=3018"}],"version-history":[{"count":1,"href":"https:\/\/vecinosdelinterior.com\/index.php\/wp-json\/wp\/v2\/posts\/3018\/revisions"}],"predecessor-version":[{"id":3020,"href":"https:\/\/vecinosdelinterior.com\/index.php\/wp-json\/wp\/v2\/posts\/3018\/revisions\/3020"}],"wp:featuredmedia":[{"embeddable":true,"href":"https:\/\/vecinosdelinterior.com\/index.php\/wp-json\/wp\/v2\/media\/3019"}],"wp:attachment":[{"href":"https:\/\/vecinosdelinterior.com\/index.php\/wp-json\/wp\/v2\/media?parent=3018"}],"wp:term":[{"taxonomy":"category","embeddable":true,"href":"https:\/\/vecinosdelinterior.com\/index.php\/wp-json\/wp\/v2\/categories?post=3018"},{"taxonomy":"post_tag","embeddable":true,"href":"https:\/\/vecinosdelinterior.com\/index.php\/wp-json\/wp\/v2\/tags?post=3018"}],"curies":[{"name":"wp","href":"https:\/\/api.w.org\/{rel}","templated":true}]}}