{"id":3021,"date":"2024-11-15T18:59:23","date_gmt":"2024-11-15T21:59:23","guid":{"rendered":"https:\/\/vecinosdelinterior.com\/?p=3021"},"modified":"2024-11-15T18:59:23","modified_gmt":"2024-11-15T21:59:23","slug":"la-sala-de-mediacion-de-tilisarao-celebro-su-4o-aniversario","status":"publish","type":"post","link":"https:\/\/vecinosdelinterior.com\/index.php\/2024\/11\/15\/la-sala-de-mediacion-de-tilisarao-celebro-su-4o-aniversario\/","title":{"rendered":"La Sala de Mediaci\u00f3n de Tilisarao celebr\u00f3 su 4\u00ba aniversario"},"content":{"rendered":"\n<p><\/p>\n\n\n\n<p>Para celebrar su aniversario se realiz\u00f3 una charla informativa en la Direcci\u00f3n Provincial de Ingresos P\u00fablicos (Rentas) de la referida localidad.<\/p>\n\n\n\n<p>El 17 de noviembre, la Sala de Mediaci\u00f3n de Tilisarao celebra cuatro a\u00f1os desde su puesta en marcha y para conmemorarlo este viernes se llev\u00f3 a cabo una charla informativa en la Direcci\u00f3n Provincial de Ingresos P\u00fablicos (Rentas) de la localidad.<\/p>\n\n\n\n<p>La actividad estuvo a cargo del personal administrativo de la Sala de Mediaci\u00f3n de Tilisarao, Sra. Estela Martel Oro, quien adem\u00e1s hizo entrega de folleter\u00eda informativa, la cual fue recibida por el personal de Rentas, Liliana Ochoa, M\u00f3nica Chiavassa y Milagros Miranda, quienes se interesaron por la tem\u00e1tica, realizaron preguntas y despejaron sus dudas.<\/p>\n\n\n\n<p>Adem\u00e1s el personal judicial indic\u00f3 c\u00f3mo acceder, a trav\u00e9s del QR presente en la folleter\u00eda, a los Formularios Web para el ingreso de causas. Tambi\u00e9n entregaron folletos informativos para el p\u00fablico que lo requiera.<\/p>\n\n\n\n<p>La Dra. Marta Gonz\u00e1lez, Coordinadora de la Sala de Mediaci\u00f3n, agradeci\u00f3 el trabajo llevado adelante durante \u00e9stos cuatro a\u00f1os por parte de los mediadores y personal administrativo de la dependencia e hizo extensivo el reconocimiento al Juzgado de Paz de la localidad por la colaboraci\u00f3n con las notificaciones. A su vez agradeci\u00f3 al Municipio por haber brindado el espacio f\u00edsico y el personal administrativo para el funcionamiento de la Sala.<\/p>\n\n\n\n<p>Desde su creaci\u00f3n el organismo ha recibido 386 ingresos directos, de los cuales han sido efectivamente mediados 144 causas y un 56 por ciento finalizaron con acuerdo.<\/p>\n\n\n\n<p>En lo que respecta al 2024, de los 72 ingresos, 60 fueron solicitados bajo la modalidad de audiencias presenciales y el 70 correspondieron a asuntos familiares, inform\u00f3 Gonz\u00e1lez.<\/p>\n\n\n\n<p>La Sala de Mediaci\u00f3n de Tilisarao cuenta con 9 mediadores presenciales y 33 mediadores para causas virtuales.<\/p>\n\n\n\n<p>A lo largo de estos cuatro a\u00f1os, la Sala ha realizado diferentes actividades de difusi\u00f3n, promoci\u00f3n de la mediaci\u00f3n, como as\u00ed tambi\u00e9n por la conmemoraci\u00f3n del D\u00eda Internacional de la Paz.<\/p>\n\n\n\n<p>La Sala de Mediaci\u00f3n de Tilisarao es atendida de lunes a viernes de 8 hs a 14 hs por la Srta. Fabiola Inglesias (personal municipal) y por la Sra. Estela Martel Oro (agente judicial).<\/p>\n\n\n\n<p>Est\u00e1 ubicada en calle Cleof\u00e9 Dom\u00ednguez y 25 de Mayo de la localidad de Tilisarao<\/p>\n\n\n\n<p>Contactos:<\/p>\n\n\n\n<p>Mail: mediaciontilisarao@justiciasanluis.gov.ar<\/p>\n\n\n\n<p>Tel\u00e9fono: 2664584879<\/p>\n","protected":false},"excerpt":{"rendered":"<p>Para celebrar su aniversario se realiz\u00f3 una charla informativa en la Direcci\u00f3n Provincial de Ingresos P\u00fablicos (Rentas) de la referida localidad. El 17 de noviembre, la Sala de Mediaci\u00f3n de Tilisarao celebra cuatro a\u00f1os desde su puesta en marcha y para conmemorarlo este viernes se llev\u00f3 a cabo una charla informativa en la Direcci\u00f3n Provincial [&hellip;]<\/p>\n","protected":false},"author":1,"featured_media":3022,"comment_status":"open","ping_status":"open","sticky":false,"template":"","format":"standard","meta":{"footnotes":""},"categories":[29,30],"tags":[],"class_list":["post-3021","post","type-post","status-publish","format-standard","has-post-thumbnail","hentry","category-chacabuco","category-tilisarao"],"_links":{"self":[{"href":"https:\/\/vecinosdelinterior.com\/index.php\/wp-json\/wp\/v2\/posts\/3021","targetHints":{"allow":["GET"]}}],"collection":[{"href":"https:\/\/vecinosdelinterior.com\/index.php\/wp-json\/wp\/v2\/posts"}],"about":[{"href":"https:\/\/vecinosdelinterior.com\/index.php\/wp-json\/wp\/v2\/types\/post"}],"author":[{"embeddable":true,"href":"https:\/\/vecinosdelinterior.com\/index.php\/wp-json\/wp\/v2\/users\/1"}],"replies":[{"embeddable":true,"href":"https:\/\/vecinosdelinterior.com\/index.php\/wp-json\/wp\/v2\/comments?post=3021"}],"version-history":[{"count":1,"href":"https:\/\/vecinosdelinterior.com\/index.php\/wp-json\/wp\/v2\/posts\/3021\/revisions"}],"predecessor-version":[{"id":3023,"href":"https:\/\/vecinosdelinterior.com\/index.php\/wp-json\/wp\/v2\/posts\/3021\/revisions\/3023"}],"wp:featuredmedia":[{"embeddable":true,"href":"https:\/\/vecinosdelinterior.com\/index.php\/wp-json\/wp\/v2\/media\/3022"}],"wp:attachment":[{"href":"https:\/\/vecinosdelinterior.com\/index.php\/wp-json\/wp\/v2\/media?parent=3021"}],"wp:term":[{"taxonomy":"category","embeddable":true,"href":"https:\/\/vecinosdelinterior.com\/index.php\/wp-json\/wp\/v2\/categories?post=3021"},{"taxonomy":"post_tag","embeddable":true,"href":"https:\/\/vecinosdelinterior.com\/index.php\/wp-json\/wp\/v2\/tags?post=3021"}],"curies":[{"name":"wp","href":"https:\/\/api.w.org\/{rel}","templated":true}]}}