{"id":3027,"date":"2024-11-15T14:02:00","date_gmt":"2024-11-15T17:02:00","guid":{"rendered":"https:\/\/vecinosdelinterior.com\/?p=3027"},"modified":"2024-11-15T19:04:15","modified_gmt":"2024-11-15T22:04:15","slug":"un-auto-volco-en-la-autopista-de-las-serranias-puntanas","status":"publish","type":"post","link":"https:\/\/vecinosdelinterior.com\/index.php\/2024\/11\/15\/un-auto-volco-en-la-autopista-de-las-serranias-puntanas\/","title":{"rendered":"Un auto volc\u00f3 en la Autopista de las Serran\u00edas Puntanas"},"content":{"rendered":"\n<p>Desde la Comisar\u00eda Distrito 48\u00b0 de Balde informaron que este viernes, alrededor de las 13:30, se produjo un accidente en la Autopista de las Serran\u00edas Puntanas, a la altura del kil\u00f3metro 861, cerca del peaje de Desaguadero.<br>En ese sector, un hombre de 77 a\u00f1os de edad (con domicilio en la provincia de Mendoza) que conduc\u00eda un auto Fiat Punto Attractive de este a oeste, perdi\u00f3 el control del veh\u00edculo e impact\u00f3 contra un guardarra\u00edl, desplaz\u00e1ndose hacia el sector derecho de la banquina y volcando en ese sitio.<br>Personal m\u00e9dico que acudi\u00f3 al lugar asisti\u00f3 al hombre, quien no presentaba lesiones y no requiri\u00f3 traslado hacia alg\u00fan hospital.<br>De acuerdo a lo manifestado por el propio hombre, se habr\u00eda quedado dormido instantes antes de sufrir el accidente.<\/p>\n\n\n\n<figure class=\"wp-block-image size-large\"><img fetchpriority=\"high\" decoding=\"async\" width=\"1024\" height=\"711\" src=\"https:\/\/vecinosdelinterior.com\/wp-content\/uploads\/2024\/11\/467310224_427402200410472_3024486557438291096_n-1024x711.jpg\" alt=\"\" class=\"wp-image-3028\" srcset=\"https:\/\/vecinosdelinterior.com\/wp-content\/uploads\/2024\/11\/467310224_427402200410472_3024486557438291096_n-1024x711.jpg 1024w, https:\/\/vecinosdelinterior.com\/wp-content\/uploads\/2024\/11\/467310224_427402200410472_3024486557438291096_n-300x208.jpg 300w, https:\/\/vecinosdelinterior.com\/wp-content\/uploads\/2024\/11\/467310224_427402200410472_3024486557438291096_n-768x533.jpg 768w, https:\/\/vecinosdelinterior.com\/wp-content\/uploads\/2024\/11\/467310224_427402200410472_3024486557438291096_n-1536x1067.jpg 1536w, https:\/\/vecinosdelinterior.com\/wp-content\/uploads\/2024\/11\/467310224_427402200410472_3024486557438291096_n-750x521.jpg 750w, https:\/\/vecinosdelinterior.com\/wp-content\/uploads\/2024\/11\/467310224_427402200410472_3024486557438291096_n-1140x792.jpg 1140w, https:\/\/vecinosdelinterior.com\/wp-content\/uploads\/2024\/11\/467310224_427402200410472_3024486557438291096_n.jpg 1600w\" sizes=\"(max-width: 1024px) 100vw, 1024px\" \/><\/figure>\n","protected":false},"excerpt":{"rendered":"<p>Desde la Comisar\u00eda Distrito 48\u00b0 de Balde informaron que este viernes, alrededor de las 13:30, se produjo un accidente en la Autopista de las Serran\u00edas Puntanas, a la altura del kil\u00f3metro 861, cerca del peaje de Desaguadero.En ese sector, un hombre de 77 a\u00f1os de edad (con domicilio en la provincia de Mendoza) que conduc\u00eda [&hellip;]<\/p>\n","protected":false},"author":1,"featured_media":3028,"comment_status":"open","ping_status":"open","sticky":false,"template":"","format":"standard","meta":{"footnotes":""},"categories":[43,12],"tags":[95],"class_list":["post-3027","post","type-post","status-publish","format-standard","has-post-thumbnail","hentry","category-desaguadero","category-pueyrredon","tag-accidente-vial"],"_links":{"self":[{"href":"https:\/\/vecinosdelinterior.com\/index.php\/wp-json\/wp\/v2\/posts\/3027","targetHints":{"allow":["GET"]}}],"collection":[{"href":"https:\/\/vecinosdelinterior.com\/index.php\/wp-json\/wp\/v2\/posts"}],"about":[{"href":"https:\/\/vecinosdelinterior.com\/index.php\/wp-json\/wp\/v2\/types\/post"}],"author":[{"embeddable":true,"href":"https:\/\/vecinosdelinterior.com\/index.php\/wp-json\/wp\/v2\/users\/1"}],"replies":[{"embeddable":true,"href":"https:\/\/vecinosdelinterior.com\/index.php\/wp-json\/wp\/v2\/comments?post=3027"}],"version-history":[{"count":1,"href":"https:\/\/vecinosdelinterior.com\/index.php\/wp-json\/wp\/v2\/posts\/3027\/revisions"}],"predecessor-version":[{"id":3029,"href":"https:\/\/vecinosdelinterior.com\/index.php\/wp-json\/wp\/v2\/posts\/3027\/revisions\/3029"}],"wp:featuredmedia":[{"embeddable":true,"href":"https:\/\/vecinosdelinterior.com\/index.php\/wp-json\/wp\/v2\/media\/3028"}],"wp:attachment":[{"href":"https:\/\/vecinosdelinterior.com\/index.php\/wp-json\/wp\/v2\/media?parent=3027"}],"wp:term":[{"taxonomy":"category","embeddable":true,"href":"https:\/\/vecinosdelinterior.com\/index.php\/wp-json\/wp\/v2\/categories?post=3027"},{"taxonomy":"post_tag","embeddable":true,"href":"https:\/\/vecinosdelinterior.com\/index.php\/wp-json\/wp\/v2\/tags?post=3027"}],"curies":[{"name":"wp","href":"https:\/\/api.w.org\/{rel}","templated":true}]}}