{"id":3030,"date":"2024-11-18T12:36:12","date_gmt":"2024-11-18T15:36:12","guid":{"rendered":"https:\/\/vecinosdelinterior.com\/?p=3030"},"modified":"2024-11-18T12:36:13","modified_gmt":"2024-11-18T15:36:13","slug":"jornada-de-empleabilidad-en-naschel","status":"publish","type":"post","link":"https:\/\/vecinosdelinterior.com\/index.php\/2024\/11\/18\/jornada-de-empleabilidad-en-naschel\/","title":{"rendered":"Jornada de empleabilidad en Naschel"},"content":{"rendered":"\n<p><\/p>\n\n\n\n<p>Ser\u00e1 este martes 19 de noviembre, de 9 a 15 hs, en la Casa de Cultura en Naschel.<\/p>\n\n\n\n<p>Esta jornada est\u00e1 dise\u00f1ada para conectar tu talento con el mundo laboral.<\/p>\n\n\n\n<p>Para anotarse \u2b07\ufe0f<br>https:\/\/www.randstad.com.ar\/\u2026\/jornada\u2026\/villa-mercedes\/<\/p>\n\n\n\n<figure class=\"wp-block-image size-large\"><img fetchpriority=\"high\" decoding=\"async\" width=\"847\" height=\"1024\" src=\"https:\/\/vecinosdelinterior.com\/wp-content\/uploads\/2024\/11\/467501900_429253100225382_7954424990640276732_n-847x1024.jpg\" alt=\"\" class=\"wp-image-3031\" srcset=\"https:\/\/vecinosdelinterior.com\/wp-content\/uploads\/2024\/11\/467501900_429253100225382_7954424990640276732_n-847x1024.jpg 847w, https:\/\/vecinosdelinterior.com\/wp-content\/uploads\/2024\/11\/467501900_429253100225382_7954424990640276732_n-248x300.jpg 248w, https:\/\/vecinosdelinterior.com\/wp-content\/uploads\/2024\/11\/467501900_429253100225382_7954424990640276732_n-768x929.jpg 768w, https:\/\/vecinosdelinterior.com\/wp-content\/uploads\/2024\/11\/467501900_429253100225382_7954424990640276732_n-750x907.jpg 750w, https:\/\/vecinosdelinterior.com\/wp-content\/uploads\/2024\/11\/467501900_429253100225382_7954424990640276732_n.jpg 1080w\" sizes=\"(max-width: 847px) 100vw, 847px\" \/><\/figure>\n","protected":false},"excerpt":{"rendered":"<p>Ser\u00e1 este martes 19 de noviembre, de 9 a 15 hs, en la Casa de Cultura en Naschel. Esta jornada est\u00e1 dise\u00f1ada para conectar tu talento con el mundo laboral. Para anotarse \u2b07\ufe0fhttps:\/\/www.randstad.com.ar\/\u2026\/jornada\u2026\/villa-mercedes\/<\/p>\n","protected":false},"author":1,"featured_media":3031,"comment_status":"open","ping_status":"open","sticky":false,"template":"","format":"standard","meta":{"footnotes":""},"categories":[91],"tags":[],"class_list":["post-3030","post","type-post","status-publish","format-standard","has-post-thumbnail","hentry","category-naschel"],"_links":{"self":[{"href":"https:\/\/vecinosdelinterior.com\/index.php\/wp-json\/wp\/v2\/posts\/3030","targetHints":{"allow":["GET"]}}],"collection":[{"href":"https:\/\/vecinosdelinterior.com\/index.php\/wp-json\/wp\/v2\/posts"}],"about":[{"href":"https:\/\/vecinosdelinterior.com\/index.php\/wp-json\/wp\/v2\/types\/post"}],"author":[{"embeddable":true,"href":"https:\/\/vecinosdelinterior.com\/index.php\/wp-json\/wp\/v2\/users\/1"}],"replies":[{"embeddable":true,"href":"https:\/\/vecinosdelinterior.com\/index.php\/wp-json\/wp\/v2\/comments?post=3030"}],"version-history":[{"count":1,"href":"https:\/\/vecinosdelinterior.com\/index.php\/wp-json\/wp\/v2\/posts\/3030\/revisions"}],"predecessor-version":[{"id":3032,"href":"https:\/\/vecinosdelinterior.com\/index.php\/wp-json\/wp\/v2\/posts\/3030\/revisions\/3032"}],"wp:featuredmedia":[{"embeddable":true,"href":"https:\/\/vecinosdelinterior.com\/index.php\/wp-json\/wp\/v2\/media\/3031"}],"wp:attachment":[{"href":"https:\/\/vecinosdelinterior.com\/index.php\/wp-json\/wp\/v2\/media?parent=3030"}],"wp:term":[{"taxonomy":"category","embeddable":true,"href":"https:\/\/vecinosdelinterior.com\/index.php\/wp-json\/wp\/v2\/categories?post=3030"},{"taxonomy":"post_tag","embeddable":true,"href":"https:\/\/vecinosdelinterior.com\/index.php\/wp-json\/wp\/v2\/tags?post=3030"}],"curies":[{"name":"wp","href":"https:\/\/api.w.org\/{rel}","templated":true}]}}