{"id":3033,"date":"2024-11-18T12:38:24","date_gmt":"2024-11-18T15:38:24","guid":{"rendered":"https:\/\/vecinosdelinterior.com\/?p=3033"},"modified":"2024-11-18T12:38:24","modified_gmt":"2024-11-18T15:38:24","slug":"en-san-geronimo-fomentan-iniciativas-para-el-desarrollo-de-la-comunidad","status":"publish","type":"post","link":"https:\/\/vecinosdelinterior.com\/index.php\/2024\/11\/18\/en-san-geronimo-fomentan-iniciativas-para-el-desarrollo-de-la-comunidad\/","title":{"rendered":"En San Ger\u00f3nimo, fomentan iniciativas para el desarrollo de la comunidad"},"content":{"rendered":"\n<p><\/p>\n\n\n\n<p>Las autoridades del ministerio de Ciencia e Innovaci\u00f3n junto al municipio acordaron una agenda de trabajo conjunta tras la firma de un convenio marco.<\/p>\n\n\n\n<p>El ministerio de Ciencia e Innovaci\u00f3n, representado por su titular Alfonso Verg\u00e9s, visit\u00f3 la localidad de San Ger\u00f3nimo, donde fue recibido por la intendenta, Graciela Vel\u00e1zquez, junto a su equipo de trabajo, quienes brindaron una c\u00e1lida bienvenida.<\/p>\n\n\n\n<p>Se firm\u00f3 un convenio marco de colaboraci\u00f3n y trabajo mutuo entre el Municipio y el Ministerio. Este acuerdo busca fortalecer el desarrollo local y fomentar iniciativas en beneficio de la comunidad.<\/p>\n\n\n\n<p>Tambi\u00e9n, se rubric\u00f3 un acuerdo espec\u00edfico que establece que las partes se comprometen a trabajar en conjunto a fines de llevar a cabo un plan de capacitaci\u00f3n en herramientas digitales destinadas al municipio de San Ger\u00f3nimo, como tambi\u00e9n al sector privado de dicha localidad.<\/p>\n\n\n\n<p>Al mismo tiempo, concretaron avanzar con un censo estad\u00edstico de los prestadores de servicio de unidades habitacionales y gastron\u00f3micas a fines de disponer de datos precisos y detallados.<\/p>\n\n\n\n<p>Progresa la obra para el fortalecimiento turistico de la localidad.<br>Durante la jornada, la direcci\u00f3n de Estad\u00edstica y Censo realiz\u00f3 un barrido de estad\u00edsticas tur\u00edsticas que permitir\u00e1 obtener datos valiosos sobre el potencial de la localidad.<\/p>\n\n\n\n<p>Se realiz\u00f3 la visita a la Escuela N\u00b0441 \u2018Capit\u00e1n de Fragata Don Pedro y Giachino\u2019 donde dialogaron con docentes y alumnos. Se realiz\u00f3 la entrega de foldscopes y l\u00e1pices ecol\u00f3gicos y desde la direcci\u00f3n de la REM, herramientas que enriquecer\u00e1n el aprendizaje y la conciencia ambiental de los estudiantes.<\/p>\n\n\n\n<p>La jornada tambi\u00e9n incluy\u00f3 un recorrido por el Hotel Termal, el Parque Tem\u00e1tico y el camping municipal, donde se pudo apreciar las mejoras implementadas en las piletas termales, contribuyendo as\u00ed al desarrollo tur\u00edstico de la regi\u00f3n.<\/p>\n\n\n\n<p>Adem\u00e1s, visitaron la Cooperativa Club Deportivo San Ger\u00f3nimo y el Centro de Jubilados, donde compartieron experiencias y conocieron las iniciativas que se est\u00e1n llevando a cabo en estas instituciones.<\/p>\n","protected":false},"excerpt":{"rendered":"<p>Las autoridades del ministerio de Ciencia e Innovaci\u00f3n junto al municipio acordaron una agenda de trabajo conjunta tras la firma de un convenio marco. El ministerio de Ciencia e Innovaci\u00f3n, representado por su titular Alfonso Verg\u00e9s, visit\u00f3 la localidad de San Ger\u00f3nimo, donde fue recibido por la intendenta, Graciela Vel\u00e1zquez, junto a su equipo de [&hellip;]<\/p>\n","protected":false},"author":1,"featured_media":3034,"comment_status":"open","ping_status":"open","sticky":false,"template":"","format":"standard","meta":{"footnotes":""},"categories":[1],"tags":[405],"class_list":["post-3033","post","type-post","status-publish","format-standard","has-post-thumbnail","hentry","category-blog","tag-san-jeronimo"],"_links":{"self":[{"href":"https:\/\/vecinosdelinterior.com\/index.php\/wp-json\/wp\/v2\/posts\/3033","targetHints":{"allow":["GET"]}}],"collection":[{"href":"https:\/\/vecinosdelinterior.com\/index.php\/wp-json\/wp\/v2\/posts"}],"about":[{"href":"https:\/\/vecinosdelinterior.com\/index.php\/wp-json\/wp\/v2\/types\/post"}],"author":[{"embeddable":true,"href":"https:\/\/vecinosdelinterior.com\/index.php\/wp-json\/wp\/v2\/users\/1"}],"replies":[{"embeddable":true,"href":"https:\/\/vecinosdelinterior.com\/index.php\/wp-json\/wp\/v2\/comments?post=3033"}],"version-history":[{"count":1,"href":"https:\/\/vecinosdelinterior.com\/index.php\/wp-json\/wp\/v2\/posts\/3033\/revisions"}],"predecessor-version":[{"id":3035,"href":"https:\/\/vecinosdelinterior.com\/index.php\/wp-json\/wp\/v2\/posts\/3033\/revisions\/3035"}],"wp:featuredmedia":[{"embeddable":true,"href":"https:\/\/vecinosdelinterior.com\/index.php\/wp-json\/wp\/v2\/media\/3034"}],"wp:attachment":[{"href":"https:\/\/vecinosdelinterior.com\/index.php\/wp-json\/wp\/v2\/media?parent=3033"}],"wp:term":[{"taxonomy":"category","embeddable":true,"href":"https:\/\/vecinosdelinterior.com\/index.php\/wp-json\/wp\/v2\/categories?post=3033"},{"taxonomy":"post_tag","embeddable":true,"href":"https:\/\/vecinosdelinterior.com\/index.php\/wp-json\/wp\/v2\/tags?post=3033"}],"curies":[{"name":"wp","href":"https:\/\/api.w.org\/{rel}","templated":true}]}}