{"id":3042,"date":"2024-11-18T21:27:05","date_gmt":"2024-11-19T00:27:05","guid":{"rendered":"https:\/\/vecinosdelinterior.com\/?p=3042"},"modified":"2024-11-18T21:27:06","modified_gmt":"2024-11-19T00:27:06","slug":"se-incendio-la-cocina-de-una-escuela-rural-en-el-paraje-santa-ana","status":"publish","type":"post","link":"https:\/\/vecinosdelinterior.com\/index.php\/2024\/11\/18\/se-incendio-la-cocina-de-una-escuela-rural-en-el-paraje-santa-ana\/","title":{"rendered":"Se incendi\u00f3 la  cocina de una escuela rural en el paraje Santa Ana"},"content":{"rendered":"\n<p><\/p>\n\n\n\n<p>Este lunes 18 a primera hora de la ma\u00f1ana, vecinos alertaron a los bomberos de la existencia de humo en la escuela \u2018Ministro Joaqu\u00edn Tula Dur\u00e1n\u2019, del paraje Santa Ana. Los servicios de emergencia respondieron inmediatamente e investigan las causas del incidente.<\/p>\n\n\n\n<p>Seg\u00fan lo aportado por los bomberos se tratar\u00eda de una explosi\u00f3n de la heladera de la cocina de la escuela la que caus\u00f3 da\u00f1os significativos en la zona, pero afortunadamente no hubo heridos ni lesionados, solo da\u00f1os materiales.<\/p>\n\n\n\n<figure class=\"wp-block-gallery has-nested-images columns-default is-cropped wp-block-gallery-1 is-layout-flex wp-block-gallery-is-layout-flex\">\n<figure class=\"wp-block-image size-large\"><img fetchpriority=\"high\" decoding=\"async\" width=\"576\" height=\"1024\" data-id=\"3043\" src=\"https:\/\/vecinosdelinterior.com\/wp-content\/uploads\/2024\/11\/IMG-20241118-WA0005-576x1024.jpg\" alt=\"\" class=\"wp-image-3043\" srcset=\"https:\/\/vecinosdelinterior.com\/wp-content\/uploads\/2024\/11\/IMG-20241118-WA0005-576x1024.jpg 576w, https:\/\/vecinosdelinterior.com\/wp-content\/uploads\/2024\/11\/IMG-20241118-WA0005-169x300.jpg 169w, https:\/\/vecinosdelinterior.com\/wp-content\/uploads\/2024\/11\/IMG-20241118-WA0005-768x1365.jpg 768w, https:\/\/vecinosdelinterior.com\/wp-content\/uploads\/2024\/11\/IMG-20241118-WA0005-864x1536.jpg 864w, https:\/\/vecinosdelinterior.com\/wp-content\/uploads\/2024\/11\/IMG-20241118-WA0005-750x1333.jpg 750w, https:\/\/vecinosdelinterior.com\/wp-content\/uploads\/2024\/11\/IMG-20241118-WA0005.jpg 900w\" sizes=\"(max-width: 576px) 100vw, 576px\" \/><\/figure>\n\n\n\n<figure class=\"wp-block-image size-large\"><img decoding=\"async\" width=\"768\" height=\"1024\" data-id=\"3044\" src=\"https:\/\/vecinosdelinterior.com\/wp-content\/uploads\/2024\/11\/IMG-20241118-WA0008-768x1024.jpg\" alt=\"\" class=\"wp-image-3044\" srcset=\"https:\/\/vecinosdelinterior.com\/wp-content\/uploads\/2024\/11\/IMG-20241118-WA0008-768x1024.jpg 768w, https:\/\/vecinosdelinterior.com\/wp-content\/uploads\/2024\/11\/IMG-20241118-WA0008-225x300.jpg 225w, https:\/\/vecinosdelinterior.com\/wp-content\/uploads\/2024\/11\/IMG-20241118-WA0008-1152x1536.jpg 1152w, https:\/\/vecinosdelinterior.com\/wp-content\/uploads\/2024\/11\/IMG-20241118-WA0008-750x1000.jpg 750w, https:\/\/vecinosdelinterior.com\/wp-content\/uploads\/2024\/11\/IMG-20241118-WA0008-1140x1520.jpg 1140w, https:\/\/vecinosdelinterior.com\/wp-content\/uploads\/2024\/11\/IMG-20241118-WA0008.jpg 1200w\" sizes=\"(max-width: 768px) 100vw, 768px\" \/><\/figure>\n<\/figure>\n\n\n\n<p>El incidente ocurri\u00f3 aproximadamente a las 07:00, de este lunes en la escuela de Personal \u00danico N\u00b0180 \u2018Ministro Joaqu\u00edn Tula Dur\u00e1n, ubicada en el paraje Santa Ana.<\/p>\n\n\n\n<p>\u201cLa explosi\u00f3n fue contenida en la cocina y no se extendi\u00f3 a otras \u00e1reas del edificio\u201d, inform\u00f3 Cecilia Ford, directora de Infraestructura Escolar del ministerio de Educaci\u00f3n. Se llam\u00f3 inmediatamente a los bomberos y los servicios de emergencia respondieron r\u00e1pido.<\/p>\n\n\n\n<p>El sector da\u00f1ado permanecer\u00e1 cerrado hasta que se complete la reparaci\u00f3n y restauraci\u00f3n.<\/p>\n\n\n\n<p>La direcci\u00f3n de Infraestructura Escolar ya trabaja en el edificio para determinar si existen da\u00f1os estructurales y no haya riesgos para la comunidad educativa.<\/p>\n\n\n\n<p><strong>Dictado de clases y alimentos<\/strong><\/p>\n\n\n\n<p>En cuanto al alimento de los estudiantes y el dictado de clases, por estos d\u00edas, se proporcionar\u00e1n alternativas para la preparaci\u00f3n de comidas escolares y el dictado de clases se desarrollar\u00e1 este martes 19 de noviembre con modalidad virtual.<\/p>\n\n\n\n<p>Es importante destacar, que la Directora de la escuela no hab\u00eda informado ning\u00fan desperfecto t\u00e9cnico en la heladera, de la cocina de la escuela que tiene a cargo.<\/p>\n\n\n\n<p>Por otra parte, se comprometi\u00f3 en mantener informados a los padres sobre cualquier actualizaci\u00f3n y establecer\u00e1 un punto de contacto para consultas.<\/p>\n","protected":false},"excerpt":{"rendered":"<p>Este lunes 18 a primera hora de la ma\u00f1ana, vecinos alertaron a los bomberos de la existencia de humo en la escuela \u2018Ministro Joaqu\u00edn Tula Dur\u00e1n\u2019, del paraje Santa Ana. Los servicios de emergencia respondieron inmediatamente e investigan las causas del incidente. Seg\u00fan lo aportado por los bomberos se tratar\u00eda de una explosi\u00f3n de la [&hellip;]<\/p>\n","protected":false},"author":1,"featured_media":3043,"comment_status":"open","ping_status":"open","sticky":false,"template":"","format":"standard","meta":{"footnotes":""},"categories":[1],"tags":[472],"class_list":["post-3042","post","type-post","status-publish","format-standard","has-post-thumbnail","hentry","category-blog","tag-paraje-santa-ana"],"_links":{"self":[{"href":"https:\/\/vecinosdelinterior.com\/index.php\/wp-json\/wp\/v2\/posts\/3042","targetHints":{"allow":["GET"]}}],"collection":[{"href":"https:\/\/vecinosdelinterior.com\/index.php\/wp-json\/wp\/v2\/posts"}],"about":[{"href":"https:\/\/vecinosdelinterior.com\/index.php\/wp-json\/wp\/v2\/types\/post"}],"author":[{"embeddable":true,"href":"https:\/\/vecinosdelinterior.com\/index.php\/wp-json\/wp\/v2\/users\/1"}],"replies":[{"embeddable":true,"href":"https:\/\/vecinosdelinterior.com\/index.php\/wp-json\/wp\/v2\/comments?post=3042"}],"version-history":[{"count":1,"href":"https:\/\/vecinosdelinterior.com\/index.php\/wp-json\/wp\/v2\/posts\/3042\/revisions"}],"predecessor-version":[{"id":3045,"href":"https:\/\/vecinosdelinterior.com\/index.php\/wp-json\/wp\/v2\/posts\/3042\/revisions\/3045"}],"wp:featuredmedia":[{"embeddable":true,"href":"https:\/\/vecinosdelinterior.com\/index.php\/wp-json\/wp\/v2\/media\/3043"}],"wp:attachment":[{"href":"https:\/\/vecinosdelinterior.com\/index.php\/wp-json\/wp\/v2\/media?parent=3042"}],"wp:term":[{"taxonomy":"category","embeddable":true,"href":"https:\/\/vecinosdelinterior.com\/index.php\/wp-json\/wp\/v2\/categories?post=3042"},{"taxonomy":"post_tag","embeddable":true,"href":"https:\/\/vecinosdelinterior.com\/index.php\/wp-json\/wp\/v2\/tags?post=3042"}],"curies":[{"name":"wp","href":"https:\/\/api.w.org\/{rel}","templated":true}]}}