{"id":3054,"date":"2024-11-19T10:22:00","date_gmt":"2024-11-19T13:22:00","guid":{"rendered":"https:\/\/vecinosdelinterior.com\/?p=3054"},"modified":"2024-11-19T10:24:18","modified_gmt":"2024-11-19T13:24:18","slug":"el-martes-arranco-con-una-alerta-meteorologica-para-el-sur-y-centro-de-la-provincia","status":"publish","type":"post","link":"https:\/\/vecinosdelinterior.com\/index.php\/2024\/11\/19\/el-martes-arranco-con-una-alerta-meteorologica-para-el-sur-y-centro-de-la-provincia\/","title":{"rendered":"El martes arranc\u00f3 con una alerta meteorol\u00f3gica para el sur y centro de la provincia"},"content":{"rendered":"\n<p>La Red de Estaciones Meteorol\u00f3gicas (REM) de San Luis emiti\u00f3 la ma\u00f1ana de este martes una alerta meteorol\u00f3gica para el sur y el centro de la provincia por probables tormentas fuertes con actividad el\u00e9ctrica intensa, r\u00e1fagas de viento y ca\u00edda de granizo. No obstante, anuncian una noche despejada y temperaturas que podr\u00edan alcanzar los 28\u00ba.<br>En su informe, la REM vaticina una jornada con nubosidad en aumento, leve ascenso de las temperaturas, una m\u00ednima de 14\u00ba y una m\u00e1xima de 28\u00ba, que el mi\u00e9rcoles podr\u00eda rozar los 30\u00ba. A la par, advirtieron que, desde media ma\u00f1ana hasta la tarde, las regiones sur y centro del territorio podr\u00edan ser alcanzadas por \u201cprecipitaciones intensas en cortos periodos de tiempo, actividad el\u00e9ctrica severa, r\u00e1fagas y posible ca\u00edda de granizo\u201d.<br>La alerta estar\u00e1 vigente hasta las 20:00 de este martes, y aunque el pron\u00f3stico extendido anuncia un mi\u00e9rcoles algo nuboso e inestable, el calor volver\u00eda paulatinamente conforme avance la semana.<\/p>\n","protected":false},"excerpt":{"rendered":"<p>La Red de Estaciones Meteorol\u00f3gicas (REM) de San Luis emiti\u00f3 la ma\u00f1ana de este martes una alerta meteorol\u00f3gica para el sur y el centro de la provincia por probables tormentas fuertes con actividad el\u00e9ctrica intensa, r\u00e1fagas de viento y ca\u00edda de granizo. No obstante, anuncian una noche despejada y temperaturas que podr\u00edan alcanzar los 28\u00ba.En [&hellip;]<\/p>\n","protected":false},"author":1,"featured_media":3051,"comment_status":"open","ping_status":"open","sticky":false,"template":"","format":"standard","meta":{"footnotes":""},"categories":[1],"tags":[],"class_list":["post-3054","post","type-post","status-publish","format-standard","has-post-thumbnail","hentry","category-blog"],"_links":{"self":[{"href":"https:\/\/vecinosdelinterior.com\/index.php\/wp-json\/wp\/v2\/posts\/3054","targetHints":{"allow":["GET"]}}],"collection":[{"href":"https:\/\/vecinosdelinterior.com\/index.php\/wp-json\/wp\/v2\/posts"}],"about":[{"href":"https:\/\/vecinosdelinterior.com\/index.php\/wp-json\/wp\/v2\/types\/post"}],"author":[{"embeddable":true,"href":"https:\/\/vecinosdelinterior.com\/index.php\/wp-json\/wp\/v2\/users\/1"}],"replies":[{"embeddable":true,"href":"https:\/\/vecinosdelinterior.com\/index.php\/wp-json\/wp\/v2\/comments?post=3054"}],"version-history":[{"count":1,"href":"https:\/\/vecinosdelinterior.com\/index.php\/wp-json\/wp\/v2\/posts\/3054\/revisions"}],"predecessor-version":[{"id":3055,"href":"https:\/\/vecinosdelinterior.com\/index.php\/wp-json\/wp\/v2\/posts\/3054\/revisions\/3055"}],"wp:featuredmedia":[{"embeddable":true,"href":"https:\/\/vecinosdelinterior.com\/index.php\/wp-json\/wp\/v2\/media\/3051"}],"wp:attachment":[{"href":"https:\/\/vecinosdelinterior.com\/index.php\/wp-json\/wp\/v2\/media?parent=3054"}],"wp:term":[{"taxonomy":"category","embeddable":true,"href":"https:\/\/vecinosdelinterior.com\/index.php\/wp-json\/wp\/v2\/categories?post=3054"},{"taxonomy":"post_tag","embeddable":true,"href":"https:\/\/vecinosdelinterior.com\/index.php\/wp-json\/wp\/v2\/tags?post=3054"}],"curies":[{"name":"wp","href":"https:\/\/api.w.org\/{rel}","templated":true}]}}