{"id":3056,"date":"2024-11-19T10:50:35","date_gmt":"2024-11-19T13:50:35","guid":{"rendered":"https:\/\/vecinosdelinterior.com\/?p=3056"},"modified":"2024-11-19T10:50:35","modified_gmt":"2024-11-19T13:50:35","slug":"jarilla-investigan-las-circunstancias-del-incendio-de-un-vehiculo","status":"publish","type":"post","link":"https:\/\/vecinosdelinterior.com\/index.php\/2024\/11\/19\/jarilla-investigan-las-circunstancias-del-incendio-de-un-vehiculo\/","title":{"rendered":"Jarilla: investigan las circunstancias del incendio de un veh\u00edculo"},"content":{"rendered":"\n<p><\/p>\n\n\n\n<p>Este lunes a la madrugada, tras una alerta, efectivos de la Direcci\u00f3n General de Polic\u00eda Caminera y Seguridad Vial y del Destacamento POlicial de Alto Pencoso acudieron a un camino de tierra (ex ruta 7), cercano a la ruta provincial 26, el norte de la localidad de Jarilla, ya que en ese lugar hab\u00eda un autom\u00f3vil volcado e incendiado totalmente.<br>Al llegar a ese sitio, los efectivos constataron el hecho y encontraron las patentes del veh\u00edculo, no logrando determinar en ese momento la marca y modelo. Adem\u00e1s, realizaron un rastrillaje por la zona para establecer las circunstancias del suceso, pero no encontraron a ninguna persona en los alrededores.<br>Continuando con las averiguaciones, los polic\u00edas lograron dar con el propietario del veh\u00edculo (un autom\u00f3vil BMW 318) en la ciudad de San Luis, siendo un hombre de 48 a\u00f1os. El individuo cont\u00f3 que durante la madrugada del lunes circulaba por ese camino cerca de Jarilla y se le atraves\u00f3 -aparentemente- un animal de la zona, perdiendo el control del autom\u00f3vil y provocando el vuelco.<br>De acuerdo a lo manifestado por el hombre, \u00e9l mismo logr\u00f3 salir por sus propios medios del interior del auto, ya que no hab\u00eda sufrido lesiones. Adem\u00e1s, dijo que en ese momento sinti\u00f3 un fuerte olor a combustible en el veh\u00edculo, pero decidi\u00f3 retirarse del lugar y se dirigi\u00f3 hacia el ingreso a la localidad de Jarilla, donde un hombre que circulaba en moto por la autopista lo traslad\u00f3 hacia la ciudad de San Luis.<br>Por otra parte, coment\u00f3 que no dio aviso a nadie, argumentando que su veh\u00edculo tiene seguro total.<br>Cabe se\u00f1alar que el auto incendiado fue trasladado por la gr\u00faa del peaje de Desaguadero, hasta el Destacamento Policial de Alto Pencoso.<\/p>\n\n\n\n<figure class=\"wp-block-image size-full\"><img fetchpriority=\"high\" decoding=\"async\" width=\"899\" height=\"658\" src=\"https:\/\/vecinosdelinterior.com\/wp-content\/uploads\/2024\/11\/WhatsApp-Image-2024-11-19-at-10.45.39-AM.jpeg\" alt=\"\" class=\"wp-image-3057\" srcset=\"https:\/\/vecinosdelinterior.com\/wp-content\/uploads\/2024\/11\/WhatsApp-Image-2024-11-19-at-10.45.39-AM.jpeg 899w, https:\/\/vecinosdelinterior.com\/wp-content\/uploads\/2024\/11\/WhatsApp-Image-2024-11-19-at-10.45.39-AM-300x220.jpeg 300w, https:\/\/vecinosdelinterior.com\/wp-content\/uploads\/2024\/11\/WhatsApp-Image-2024-11-19-at-10.45.39-AM-768x562.jpeg 768w, https:\/\/vecinosdelinterior.com\/wp-content\/uploads\/2024\/11\/WhatsApp-Image-2024-11-19-at-10.45.39-AM-750x549.jpeg 750w\" sizes=\"(max-width: 899px) 100vw, 899px\" \/><\/figure>\n","protected":false},"excerpt":{"rendered":"<p>Este lunes a la madrugada, tras una alerta, efectivos de la Direcci\u00f3n General de Polic\u00eda Caminera y Seguridad Vial y del Destacamento POlicial de Alto Pencoso acudieron a un camino de tierra (ex ruta 7), cercano a la ruta provincial 26, el norte de la localidad de Jarilla, ya que en ese lugar hab\u00eda un [&hellip;]<\/p>\n","protected":false},"author":1,"featured_media":3057,"comment_status":"open","ping_status":"open","sticky":false,"template":"","format":"standard","meta":{"footnotes":""},"categories":[76,12],"tags":[95,213],"class_list":["post-3056","post","type-post","status-publish","format-standard","has-post-thumbnail","hentry","category-jarilla","category-pueyrredon","tag-accidente-vial","tag-policial"],"_links":{"self":[{"href":"https:\/\/vecinosdelinterior.com\/index.php\/wp-json\/wp\/v2\/posts\/3056","targetHints":{"allow":["GET"]}}],"collection":[{"href":"https:\/\/vecinosdelinterior.com\/index.php\/wp-json\/wp\/v2\/posts"}],"about":[{"href":"https:\/\/vecinosdelinterior.com\/index.php\/wp-json\/wp\/v2\/types\/post"}],"author":[{"embeddable":true,"href":"https:\/\/vecinosdelinterior.com\/index.php\/wp-json\/wp\/v2\/users\/1"}],"replies":[{"embeddable":true,"href":"https:\/\/vecinosdelinterior.com\/index.php\/wp-json\/wp\/v2\/comments?post=3056"}],"version-history":[{"count":1,"href":"https:\/\/vecinosdelinterior.com\/index.php\/wp-json\/wp\/v2\/posts\/3056\/revisions"}],"predecessor-version":[{"id":3058,"href":"https:\/\/vecinosdelinterior.com\/index.php\/wp-json\/wp\/v2\/posts\/3056\/revisions\/3058"}],"wp:featuredmedia":[{"embeddable":true,"href":"https:\/\/vecinosdelinterior.com\/index.php\/wp-json\/wp\/v2\/media\/3057"}],"wp:attachment":[{"href":"https:\/\/vecinosdelinterior.com\/index.php\/wp-json\/wp\/v2\/media?parent=3056"}],"wp:term":[{"taxonomy":"category","embeddable":true,"href":"https:\/\/vecinosdelinterior.com\/index.php\/wp-json\/wp\/v2\/categories?post=3056"},{"taxonomy":"post_tag","embeddable":true,"href":"https:\/\/vecinosdelinterior.com\/index.php\/wp-json\/wp\/v2\/tags?post=3056"}],"curies":[{"name":"wp","href":"https:\/\/api.w.org\/{rel}","templated":true}]}}