{"id":3059,"date":"2024-11-20T10:36:00","date_gmt":"2024-11-20T13:36:00","guid":{"rendered":"https:\/\/vecinosdelinterior.com\/?p=3059"},"modified":"2024-11-20T10:38:27","modified_gmt":"2024-11-20T13:38:27","slug":"realizaran-una-muestra-de-danza-en-el-teatro-san-francisco","status":"publish","type":"post","link":"https:\/\/vecinosdelinterior.com\/index.php\/2024\/11\/20\/realizaran-una-muestra-de-danza-en-el-teatro-san-francisco\/","title":{"rendered":"Realizar\u00e1n una muestra de danza en el Teatro San Francisco"},"content":{"rendered":"\n<p><\/p>\n\n\n\n<p>Presentar\u00e1n coreograf\u00edas de los talleres de m\u00fasica urbana y zumba del Centro Cultural San Francisco y de Luj\u00e1n, que coordina la profesora Milagros Segovia. Ser\u00e1 este s\u00e1bado 23, desde las 17:00. El valor de la entrada ser\u00e1 de $1.500.<\/p>\n\n\n\n<figure class=\"wp-block-image size-full\"><img fetchpriority=\"high\" decoding=\"async\" width=\"768\" height=\"512\" src=\"https:\/\/vecinosdelinterior.com\/wp-content\/uploads\/2024\/11\/MUESTRA-DE-DANZA-SAN-FRANCISCO-2-1-768x512-1.jpeg\" alt=\"\" class=\"wp-image-3060\" srcset=\"https:\/\/vecinosdelinterior.com\/wp-content\/uploads\/2024\/11\/MUESTRA-DE-DANZA-SAN-FRANCISCO-2-1-768x512-1.jpeg 768w, https:\/\/vecinosdelinterior.com\/wp-content\/uploads\/2024\/11\/MUESTRA-DE-DANZA-SAN-FRANCISCO-2-1-768x512-1-300x200.jpeg 300w, https:\/\/vecinosdelinterior.com\/wp-content\/uploads\/2024\/11\/MUESTRA-DE-DANZA-SAN-FRANCISCO-2-1-768x512-1-750x500.jpeg 750w\" sizes=\"(max-width: 768px) 100vw, 768px\" \/><\/figure>\n\n\n\n<p><br>Como cierre de los talleres de m\u00fasica urbana y zumba que se desarrollan en el Centro Cultural de Luj\u00e1n y San Francisco se realizar\u00e1 una muestra de danza en el teatro de esta \u00faltima localidad, el s\u00e1bado 23. \u201cHaremos una especie de clase abierta. Realizaremos la presentaci\u00f3n con el grupo de Luj\u00e1n, donde tambi\u00e9n soy profe. M\u00e1s all\u00e1 de que habr\u00e1 coreograf\u00edas, me interesa que los chicos disfruten la adrenalina de subirse a un escenario, bailar y que expresen todo lo que sienten cuando conectan con la m\u00fasica. Va a ser una gran fiesta. Habr\u00e1 momentos interactivos con el p\u00fablico\u201d, adelant\u00f3 Milagros Segovia, profesora de los talleres y organizadora del evento.<\/p>\n\n\n\n<p>La artista es la responsable de \u2018Estudio Danzarte\u2019, que funciona en el Centro Cultural San Francisco desde marzo. \u201cEn este espacio me han recibido de forma excelente. Yo soy de Buenos Aires y hace un a\u00f1o que vivo en la localidad. Llevo m\u00e1s de 20 a\u00f1os como profesora de danza. Cuento con una formaci\u00f3n bastante amplia\u201d, coment\u00f3.<\/p>\n\n\n\n<p>Segovia ense\u00f1a zumba para personas de todas las edades, aunque cont\u00f3 que en las clases tambi\u00e9n trabajan otros g\u00e9neros, como folclore y ritmos latinos. Adem\u00e1s, coordina talleres de m\u00fasica urbana y k-pop. \u201cPueden concurrir ni\u00f1os desde los tres a\u00f1os en adelante a todas las disciplinas. Trato de motivar a cada alumno para que encuentre su propio estilo de baile. Incorporamos todo lo relacionado a lo emocional. No hay limitaciones para nadie, se fomenta la cooperaci\u00f3n y el respeto. Eso es primordial en nuestras clases\u201d, explic\u00f3 la formadora.<\/p>\n\n\n\n<p>Durante el espect\u00e1culo participar\u00e1n como invitadas la academia de tango \u2018Tac\u00f3n y Punta\u2019 y la academia de Danza \u00c1rabe \u2018Wala Banz\u00e1k\u2019, que tambi\u00e9n llevan adelante sus actividades art\u00edsticas en el Centro Cultural de San Francisco.<\/p>\n","protected":false},"excerpt":{"rendered":"<p>Presentar\u00e1n coreograf\u00edas de los talleres de m\u00fasica urbana y zumba del Centro Cultural San Francisco y de Luj\u00e1n, que coordina la profesora Milagros Segovia. Ser\u00e1 este s\u00e1bado 23, desde las 17:00. El valor de la entrada ser\u00e1 de $1.500. Como cierre de los talleres de m\u00fasica urbana y zumba que se desarrollan en el Centro [&hellip;]<\/p>\n","protected":false},"author":1,"featured_media":3060,"comment_status":"open","ping_status":"open","sticky":false,"template":"","format":"standard","meta":{"footnotes":""},"categories":[8,9],"tags":[55],"class_list":["post-3059","post","type-post","status-publish","format-standard","has-post-thumbnail","hentry","category-ayacucho","category-san-francisco","tag-talleres"],"_links":{"self":[{"href":"https:\/\/vecinosdelinterior.com\/index.php\/wp-json\/wp\/v2\/posts\/3059","targetHints":{"allow":["GET"]}}],"collection":[{"href":"https:\/\/vecinosdelinterior.com\/index.php\/wp-json\/wp\/v2\/posts"}],"about":[{"href":"https:\/\/vecinosdelinterior.com\/index.php\/wp-json\/wp\/v2\/types\/post"}],"author":[{"embeddable":true,"href":"https:\/\/vecinosdelinterior.com\/index.php\/wp-json\/wp\/v2\/users\/1"}],"replies":[{"embeddable":true,"href":"https:\/\/vecinosdelinterior.com\/index.php\/wp-json\/wp\/v2\/comments?post=3059"}],"version-history":[{"count":1,"href":"https:\/\/vecinosdelinterior.com\/index.php\/wp-json\/wp\/v2\/posts\/3059\/revisions"}],"predecessor-version":[{"id":3061,"href":"https:\/\/vecinosdelinterior.com\/index.php\/wp-json\/wp\/v2\/posts\/3059\/revisions\/3061"}],"wp:featuredmedia":[{"embeddable":true,"href":"https:\/\/vecinosdelinterior.com\/index.php\/wp-json\/wp\/v2\/media\/3060"}],"wp:attachment":[{"href":"https:\/\/vecinosdelinterior.com\/index.php\/wp-json\/wp\/v2\/media?parent=3059"}],"wp:term":[{"taxonomy":"category","embeddable":true,"href":"https:\/\/vecinosdelinterior.com\/index.php\/wp-json\/wp\/v2\/categories?post=3059"},{"taxonomy":"post_tag","embeddable":true,"href":"https:\/\/vecinosdelinterior.com\/index.php\/wp-json\/wp\/v2\/tags?post=3059"}],"curies":[{"name":"wp","href":"https:\/\/api.w.org\/{rel}","templated":true}]}}