{"id":3076,"date":"2024-11-21T11:18:01","date_gmt":"2024-11-21T14:18:01","guid":{"rendered":"https:\/\/vecinosdelinterior.com\/?p=3076"},"modified":"2024-11-21T11:18:01","modified_gmt":"2024-11-21T14:18:01","slug":"cortaderas-vibro-con-la-fiesta-del-chanar-y-su-expo-de-emprendedores","status":"publish","type":"post","link":"https:\/\/vecinosdelinterior.com\/index.php\/2024\/11\/21\/cortaderas-vibro-con-la-fiesta-del-chanar-y-su-expo-de-emprendedores\/","title":{"rendered":"Cortaderas vibr\u00f3 con la Fiesta del Cha\u00f1ar y su Expo de Emprendedores"},"content":{"rendered":"\n<p><\/p>\n\n\n\n<p>La localidad del departamento Chacabuco tuvo su celebraci\u00f3n tradicional Fiesta, un evento que reuni\u00f3 a 30 emprendedores locales y regionales, quienes presentaron sus productos a vecinos y visitantes.<\/p>\n\n\n\n<p>La Expo de Emprendedores ofreci\u00f3 variados productos artesanales en la Fiesta del Cha\u00f1ar.<br>Con la participaci\u00f3n de 30 emprendedores, el encuentro ofreci\u00f3 una gran diversidad de rubros, desde deliciosas mermeladas, panificados, pasteler\u00eda y alfajores hasta productos artesanales como cer\u00e1mica, macram\u00e9 y stickers. Los productos regionales ocuparon un lugar destacado y exhibieron lo mejor de la gastronom\u00eda local.<\/p>\n\n\n\n<p>Este s\u00e1bado, los visitantes pudieron recorrer los diferentes stands, degustar diversas comidas y conocer m\u00e1s sobre los productos que ofrecen los emprendedores, quienes demostraron su compromiso con la calidad y la creatividad. La Fiesta del Cha\u00f1ar, adem\u00e1s de ser una celebraci\u00f3n de la cultura local, present\u00f3 una importante plataforma para el desarrollo y visibilidad de los peque\u00f1os negocios de la regi\u00f3n.<\/p>\n\n\n\n<p>El evento cont\u00f3 con un ambiente familiar y amigable, en el que tanto grandes como chicos disfrutaron de actividades, m\u00fasica en vivo y la oportunidad de adquirir productos singulares. La fiesta se posicion\u00f3 como una cita ineludible para quienes buscan apoyar la econom\u00eda local.<\/p>\n\n\n\n<p>Si sos emprendedor y quer\u00e9s participar, pod\u00e9s registrarte completando el formulario en el Registro de Emprendedores o al tel\u00e9fono 2665-267101 para obtener m\u00e1s informaci\u00f3n.<\/p>\n","protected":false},"excerpt":{"rendered":"<p>La localidad del departamento Chacabuco tuvo su celebraci\u00f3n tradicional Fiesta, un evento que reuni\u00f3 a 30 emprendedores locales y regionales, quienes presentaron sus productos a vecinos y visitantes. La Expo de Emprendedores ofreci\u00f3 variados productos artesanales en la Fiesta del Cha\u00f1ar.Con la participaci\u00f3n de 30 emprendedores, el encuentro ofreci\u00f3 una gran diversidad de rubros, desde [&hellip;]<\/p>\n","protected":false},"author":1,"featured_media":3077,"comment_status":"open","ping_status":"open","sticky":false,"template":"","format":"standard","meta":{"footnotes":""},"categories":[29,275],"tags":[],"class_list":["post-3076","post","type-post","status-publish","format-standard","has-post-thumbnail","hentry","category-chacabuco","category-cortaderas"],"_links":{"self":[{"href":"https:\/\/vecinosdelinterior.com\/index.php\/wp-json\/wp\/v2\/posts\/3076","targetHints":{"allow":["GET"]}}],"collection":[{"href":"https:\/\/vecinosdelinterior.com\/index.php\/wp-json\/wp\/v2\/posts"}],"about":[{"href":"https:\/\/vecinosdelinterior.com\/index.php\/wp-json\/wp\/v2\/types\/post"}],"author":[{"embeddable":true,"href":"https:\/\/vecinosdelinterior.com\/index.php\/wp-json\/wp\/v2\/users\/1"}],"replies":[{"embeddable":true,"href":"https:\/\/vecinosdelinterior.com\/index.php\/wp-json\/wp\/v2\/comments?post=3076"}],"version-history":[{"count":1,"href":"https:\/\/vecinosdelinterior.com\/index.php\/wp-json\/wp\/v2\/posts\/3076\/revisions"}],"predecessor-version":[{"id":3078,"href":"https:\/\/vecinosdelinterior.com\/index.php\/wp-json\/wp\/v2\/posts\/3076\/revisions\/3078"}],"wp:featuredmedia":[{"embeddable":true,"href":"https:\/\/vecinosdelinterior.com\/index.php\/wp-json\/wp\/v2\/media\/3077"}],"wp:attachment":[{"href":"https:\/\/vecinosdelinterior.com\/index.php\/wp-json\/wp\/v2\/media?parent=3076"}],"wp:term":[{"taxonomy":"category","embeddable":true,"href":"https:\/\/vecinosdelinterior.com\/index.php\/wp-json\/wp\/v2\/categories?post=3076"},{"taxonomy":"post_tag","embeddable":true,"href":"https:\/\/vecinosdelinterior.com\/index.php\/wp-json\/wp\/v2\/tags?post=3076"}],"curies":[{"name":"wp","href":"https:\/\/api.w.org\/{rel}","templated":true}]}}