{"id":309,"date":"2023-08-20T12:56:42","date_gmt":"2023-08-20T15:56:42","guid":{"rendered":"https:\/\/vecinosdelinterior.com\/?p=309"},"modified":"2023-08-27T11:32:06","modified_gmt":"2023-08-27T14:32:06","slug":"villa-de-merlo-rescataron-a-un-condor-que-se-habia-quedado-atrapado-en-una-antena","status":"publish","type":"post","link":"https:\/\/vecinosdelinterior.com\/index.php\/2023\/08\/20\/villa-de-merlo-rescataron-a-un-condor-que-se-habia-quedado-atrapado-en-una-antena\/","title":{"rendered":"Villa de Merlo: rescataron a un c\u00f3ndor que se hab\u00eda quedado atrapado en una antena"},"content":{"rendered":"\n<p><br>Este s\u00e1bado por la tarde, un c\u00f3ndor sufri\u00f3 un accidente al intentar aterrizar en una antena ubicada en el filo serrano de la Villa de Merlo por lo que se desplego un riesgoso operativo para su rescate.<\/p>\n\n\n\n<figure class=\"wp-block-gallery has-nested-images columns-default is-cropped wp-block-gallery-1 is-layout-flex wp-block-gallery-is-layout-flex\">\n<figure class=\"wp-block-image size-large\"><img fetchpriority=\"high\" decoding=\"async\" width=\"622\" height=\"379\" data-id=\"310\" src=\"https:\/\/vecinosdelinterior.com\/wp-content\/uploads\/2023\/08\/ave-min.png\" alt=\"\" class=\"wp-image-310\" srcset=\"https:\/\/vecinosdelinterior.com\/wp-content\/uploads\/2023\/08\/ave-min.png 622w, https:\/\/vecinosdelinterior.com\/wp-content\/uploads\/2023\/08\/ave-min-300x183.png 300w\" sizes=\"(max-width: 622px) 100vw, 622px\" \/><\/figure>\n<\/figure>\n\n\n\n<p>Fernando Leguizam\u00f3n, guarda ambiental y antenista, cont\u00f3 que \u201csubi\u00f3 hasta la cima de la antena y logro rescatar al ave que estaba enganchado con una de sus alas\u201d.<\/p>\n\n\n\n<p>Al revisar al ave, observaron que hab\u00eda sufrido una fractura en una de sus extremidades por lo que dieron aviso a la Polic\u00eda Ambiental, quienes lo trasladaron a la Reserva Florofaun\u00edstica de La Florida para su tratamiento.<\/p>\n\n\n\n<p>Del rescate colaboraron tambi\u00e9n Bomberos Voluntarios de Villa de Merlo.<\/p>\n","protected":false},"excerpt":{"rendered":"<p>Este s\u00e1bado por la tarde, un c\u00f3ndor sufri\u00f3 un accidente al intentar aterrizar en una antena ubicada en el filo serrano de la Villa de Merlo por lo que se desplego un riesgoso operativo para su rescate. Fernando Leguizam\u00f3n, guarda ambiental y antenista, cont\u00f3 que \u201csubi\u00f3 hasta la cima de la antena y logro rescatar [&hellip;]<\/p>\n","protected":false},"author":1,"featured_media":310,"comment_status":"open","ping_status":"open","sticky":false,"template":"","format":"standard","meta":{"footnotes":""},"categories":[23,73],"tags":[134,176,124,133],"class_list":["post-309","post","type-post","status-publish","format-standard","has-post-thumbnail","hentry","category-junin","category-merlo","tag-condor","tag-medioambiente","tag-merlo","tag-rescate-animal"],"_links":{"self":[{"href":"https:\/\/vecinosdelinterior.com\/index.php\/wp-json\/wp\/v2\/posts\/309","targetHints":{"allow":["GET"]}}],"collection":[{"href":"https:\/\/vecinosdelinterior.com\/index.php\/wp-json\/wp\/v2\/posts"}],"about":[{"href":"https:\/\/vecinosdelinterior.com\/index.php\/wp-json\/wp\/v2\/types\/post"}],"author":[{"embeddable":true,"href":"https:\/\/vecinosdelinterior.com\/index.php\/wp-json\/wp\/v2\/users\/1"}],"replies":[{"embeddable":true,"href":"https:\/\/vecinosdelinterior.com\/index.php\/wp-json\/wp\/v2\/comments?post=309"}],"version-history":[{"count":1,"href":"https:\/\/vecinosdelinterior.com\/index.php\/wp-json\/wp\/v2\/posts\/309\/revisions"}],"predecessor-version":[{"id":311,"href":"https:\/\/vecinosdelinterior.com\/index.php\/wp-json\/wp\/v2\/posts\/309\/revisions\/311"}],"wp:featuredmedia":[{"embeddable":true,"href":"https:\/\/vecinosdelinterior.com\/index.php\/wp-json\/wp\/v2\/media\/310"}],"wp:attachment":[{"href":"https:\/\/vecinosdelinterior.com\/index.php\/wp-json\/wp\/v2\/media?parent=309"}],"wp:term":[{"taxonomy":"category","embeddable":true,"href":"https:\/\/vecinosdelinterior.com\/index.php\/wp-json\/wp\/v2\/categories?post=309"},{"taxonomy":"post_tag","embeddable":true,"href":"https:\/\/vecinosdelinterior.com\/index.php\/wp-json\/wp\/v2\/tags?post=309"}],"curies":[{"name":"wp","href":"https:\/\/api.w.org\/{rel}","templated":true}]}}