{"id":3104,"date":"2024-11-24T21:10:00","date_gmt":"2024-11-25T00:10:00","guid":{"rendered":"https:\/\/vecinosdelinterior.com\/?p=3104"},"modified":"2024-11-24T21:14:36","modified_gmt":"2024-11-25T00:14:36","slug":"san-francisco-del-monte-de-oro-la-policia-demoro-a-un-individuo-que-causo-disturbio-en-una-estacion-de-servicio","status":"publish","type":"post","link":"https:\/\/vecinosdelinterior.com\/index.php\/2024\/11\/24\/san-francisco-del-monte-de-oro-la-policia-demoro-a-un-individuo-que-causo-disturbio-en-una-estacion-de-servicio\/","title":{"rendered":"San Francisco del Monte de Oro: la Polic\u00eda demor\u00f3 a un individuo que caus\u00f3 disturbio en una estaci\u00f3n de servicio"},"content":{"rendered":"\n<p><\/p>\n\n\n\n<p>Este s\u00e1bado por la noche, efectivos de la secci\u00f3n motorizada de la Unidad Regional de Orden P\u00fablico (UROP) N\u00b0 5 llevaron a cabo un procedimiento en la localidad de San Francisco del Monte de Oro, donde demoraron a un hombre de 43 a\u00f1os de edad.<br>Los uniformados fueron alertados por personal de la Comisar\u00eda Distrito 14\u00b0 debido a que un sujeto en estado de ebriedad (el hombre de 43 a\u00f1os) estaba ocasionando disturbios y molestaba a clientes de una estaci\u00f3n de servicio ubicada en la intersecci\u00f3n de Sarmiento y Faustino Berrondo.<br>Los efectivos acudieron a ese sitio, donde el sujeto se alter\u00f3 e intent\u00f3 agredirlos.<br>Los polic\u00edas controlaron la situaci\u00f3n y demoraron al hombre, el cual posteriormente fue trasladado a la Comisar\u00eda Distrito 14\u00b0.<\/p>\n\n\n\n<figure class=\"wp-block-image size-full\"><img fetchpriority=\"high\" decoding=\"async\" width=\"471\" height=\"411\" src=\"https:\/\/vecinosdelinterior.com\/wp-content\/uploads\/2024\/11\/WhatsApp-Image-2024-11-24-at-9.00.51-PM.jpeg\" alt=\"\" class=\"wp-image-3105\" srcset=\"https:\/\/vecinosdelinterior.com\/wp-content\/uploads\/2024\/11\/WhatsApp-Image-2024-11-24-at-9.00.51-PM.jpeg 471w, https:\/\/vecinosdelinterior.com\/wp-content\/uploads\/2024\/11\/WhatsApp-Image-2024-11-24-at-9.00.51-PM-300x262.jpeg 300w\" sizes=\"(max-width: 471px) 100vw, 471px\" \/><\/figure>\n","protected":false},"excerpt":{"rendered":"<p>Este s\u00e1bado por la noche, efectivos de la secci\u00f3n motorizada de la Unidad Regional de Orden P\u00fablico (UROP) N\u00b0 5 llevaron a cabo un procedimiento en la localidad de San Francisco del Monte de Oro, donde demoraron a un hombre de 43 a\u00f1os de edad.Los uniformados fueron alertados por personal de la Comisar\u00eda Distrito 14\u00b0 [&hellip;]<\/p>\n","protected":false},"author":1,"featured_media":3105,"comment_status":"open","ping_status":"open","sticky":false,"template":"","format":"standard","meta":{"footnotes":""},"categories":[8,9],"tags":[],"class_list":["post-3104","post","type-post","status-publish","format-standard","has-post-thumbnail","hentry","category-ayacucho","category-san-francisco"],"_links":{"self":[{"href":"https:\/\/vecinosdelinterior.com\/index.php\/wp-json\/wp\/v2\/posts\/3104","targetHints":{"allow":["GET"]}}],"collection":[{"href":"https:\/\/vecinosdelinterior.com\/index.php\/wp-json\/wp\/v2\/posts"}],"about":[{"href":"https:\/\/vecinosdelinterior.com\/index.php\/wp-json\/wp\/v2\/types\/post"}],"author":[{"embeddable":true,"href":"https:\/\/vecinosdelinterior.com\/index.php\/wp-json\/wp\/v2\/users\/1"}],"replies":[{"embeddable":true,"href":"https:\/\/vecinosdelinterior.com\/index.php\/wp-json\/wp\/v2\/comments?post=3104"}],"version-history":[{"count":1,"href":"https:\/\/vecinosdelinterior.com\/index.php\/wp-json\/wp\/v2\/posts\/3104\/revisions"}],"predecessor-version":[{"id":3106,"href":"https:\/\/vecinosdelinterior.com\/index.php\/wp-json\/wp\/v2\/posts\/3104\/revisions\/3106"}],"wp:featuredmedia":[{"embeddable":true,"href":"https:\/\/vecinosdelinterior.com\/index.php\/wp-json\/wp\/v2\/media\/3105"}],"wp:attachment":[{"href":"https:\/\/vecinosdelinterior.com\/index.php\/wp-json\/wp\/v2\/media?parent=3104"}],"wp:term":[{"taxonomy":"category","embeddable":true,"href":"https:\/\/vecinosdelinterior.com\/index.php\/wp-json\/wp\/v2\/categories?post=3104"},{"taxonomy":"post_tag","embeddable":true,"href":"https:\/\/vecinosdelinterior.com\/index.php\/wp-json\/wp\/v2\/tags?post=3104"}],"curies":[{"name":"wp","href":"https:\/\/api.w.org\/{rel}","templated":true}]}}