{"id":3119,"date":"2024-11-25T20:14:06","date_gmt":"2024-11-25T23:14:06","guid":{"rendered":"https:\/\/vecinosdelinterior.com\/?p=3119"},"modified":"2024-11-25T20:14:06","modified_gmt":"2024-11-25T23:14:06","slug":"buena-esperanza-este-martes-se-dara-la-capacitacion-en-gestion-de-residuos","status":"publish","type":"post","link":"https:\/\/vecinosdelinterior.com\/index.php\/2024\/11\/25\/buena-esperanza-este-martes-se-dara-la-capacitacion-en-gestion-de-residuos\/","title":{"rendered":"Buena Esperanza: Este martes se dar\u00e1 la Capacitaci\u00f3n en Gesti\u00f3n de Residuos"},"content":{"rendered":"\n<p>Este martes 26 de noviembre, en el horario de 10:30 hs en el Sal\u00f3n de Cultura Municipal, se dar\u00e1 una nueva capacitaci\u00f3n, en esta oportunidad referida a la Gesti\u00f3n de residuos, dirigida a empleados municipales, funcionarios, autoridades escolares, representantes del \u00e1rea de salud p\u00fablica, del sector ganadero y veterinario, vecinos, y p\u00fablico en general.<br>Organiza: Municipalidad de Buena Esperanza<\/p>\n\n\n\n<p><\/p>\n\n\n\n<figure class=\"wp-block-image size-full\"><img fetchpriority=\"high\" decoding=\"async\" width=\"526\" height=\"526\" src=\"https:\/\/vecinosdelinterior.com\/wp-content\/uploads\/2024\/11\/468325767_122185995578146161_8744573292414463726_n.jpg\" alt=\"\" class=\"wp-image-3120\" srcset=\"https:\/\/vecinosdelinterior.com\/wp-content\/uploads\/2024\/11\/468325767_122185995578146161_8744573292414463726_n.jpg 526w, https:\/\/vecinosdelinterior.com\/wp-content\/uploads\/2024\/11\/468325767_122185995578146161_8744573292414463726_n-300x300.jpg 300w, https:\/\/vecinosdelinterior.com\/wp-content\/uploads\/2024\/11\/468325767_122185995578146161_8744573292414463726_n-150x150.jpg 150w, https:\/\/vecinosdelinterior.com\/wp-content\/uploads\/2024\/11\/468325767_122185995578146161_8744573292414463726_n-75x75.jpg 75w\" sizes=\"(max-width: 526px) 100vw, 526px\" \/><\/figure>\n","protected":false},"excerpt":{"rendered":"<p>Este martes 26 de noviembre, en el horario de 10:30 hs en el Sal\u00f3n de Cultura Municipal, se dar\u00e1 una nueva capacitaci\u00f3n, en esta oportunidad referida a la Gesti\u00f3n de residuos, dirigida a empleados municipales, funcionarios, autoridades escolares, representantes del \u00e1rea de salud p\u00fablica, del sector ganadero y veterinario, vecinos, y p\u00fablico en general.Organiza: Municipalidad [&hellip;]<\/p>\n","protected":false},"author":1,"featured_media":3120,"comment_status":"open","ping_status":"open","sticky":false,"template":"","format":"standard","meta":{"footnotes":""},"categories":[18,16],"tags":[177,176],"class_list":["post-3119","post","type-post","status-publish","format-standard","has-post-thumbnail","hentry","category-buena-esperanza-dupuy","category-dupuy","tag-gestiones-destacadas","tag-medioambiente"],"_links":{"self":[{"href":"https:\/\/vecinosdelinterior.com\/index.php\/wp-json\/wp\/v2\/posts\/3119","targetHints":{"allow":["GET"]}}],"collection":[{"href":"https:\/\/vecinosdelinterior.com\/index.php\/wp-json\/wp\/v2\/posts"}],"about":[{"href":"https:\/\/vecinosdelinterior.com\/index.php\/wp-json\/wp\/v2\/types\/post"}],"author":[{"embeddable":true,"href":"https:\/\/vecinosdelinterior.com\/index.php\/wp-json\/wp\/v2\/users\/1"}],"replies":[{"embeddable":true,"href":"https:\/\/vecinosdelinterior.com\/index.php\/wp-json\/wp\/v2\/comments?post=3119"}],"version-history":[{"count":1,"href":"https:\/\/vecinosdelinterior.com\/index.php\/wp-json\/wp\/v2\/posts\/3119\/revisions"}],"predecessor-version":[{"id":3121,"href":"https:\/\/vecinosdelinterior.com\/index.php\/wp-json\/wp\/v2\/posts\/3119\/revisions\/3121"}],"wp:featuredmedia":[{"embeddable":true,"href":"https:\/\/vecinosdelinterior.com\/index.php\/wp-json\/wp\/v2\/media\/3120"}],"wp:attachment":[{"href":"https:\/\/vecinosdelinterior.com\/index.php\/wp-json\/wp\/v2\/media?parent=3119"}],"wp:term":[{"taxonomy":"category","embeddable":true,"href":"https:\/\/vecinosdelinterior.com\/index.php\/wp-json\/wp\/v2\/categories?post=3119"},{"taxonomy":"post_tag","embeddable":true,"href":"https:\/\/vecinosdelinterior.com\/index.php\/wp-json\/wp\/v2\/tags?post=3119"}],"curies":[{"name":"wp","href":"https:\/\/api.w.org\/{rel}","templated":true}]}}