{"id":312,"date":"2023-08-20T12:59:59","date_gmt":"2023-08-20T15:59:59","guid":{"rendered":"https:\/\/vecinosdelinterior.com\/?p=312"},"modified":"2023-08-20T12:59:59","modified_gmt":"2023-08-20T15:59:59","slug":"villa-del-carmen-dos-hombres-y-una-mujer-demorados-con-estupefacientes-tras-un-allanamiento","status":"publish","type":"post","link":"https:\/\/vecinosdelinterior.com\/index.php\/2023\/08\/20\/villa-del-carmen-dos-hombres-y-una-mujer-demorados-con-estupefacientes-tras-un-allanamiento\/","title":{"rendered":"Villa del Carmen: dos hombres y una mujer demorados con estupefacientes tras un allanamiento"},"content":{"rendered":"\n<p><\/p>\n\n\n\n<p>Efectivos de la Direcci\u00f3n General de Lucha Contra el Narcotr\u00e1fico, con asiento en Concar\u00e1n, realizaron un allanamiento y lograron la anulaci\u00f3n de dos centros de distribuci\u00f3n y comercializaci\u00f3n de sustancias de estupefacientes.<\/p>\n\n\n\n<p>La medida judicial fue ordenada por el Juzgado Federal Villa Mercedes.<\/p>\n\n\n\n<figure class=\"wp-block-image size-large\"><img fetchpriority=\"high\" decoding=\"async\" width=\"1024\" height=\"766\" src=\"https:\/\/vecinosdelinterior.com\/wp-content\/uploads\/2023\/08\/WhatsApp-Image-2023-08-20-at-08.31.15-2-1024x766.jpeg\" alt=\"\" class=\"wp-image-313\" srcset=\"https:\/\/vecinosdelinterior.com\/wp-content\/uploads\/2023\/08\/WhatsApp-Image-2023-08-20-at-08.31.15-2-1024x766.jpeg 1024w, https:\/\/vecinosdelinterior.com\/wp-content\/uploads\/2023\/08\/WhatsApp-Image-2023-08-20-at-08.31.15-2-300x224.jpeg 300w, https:\/\/vecinosdelinterior.com\/wp-content\/uploads\/2023\/08\/WhatsApp-Image-2023-08-20-at-08.31.15-2-768x575.jpeg 768w, https:\/\/vecinosdelinterior.com\/wp-content\/uploads\/2023\/08\/WhatsApp-Image-2023-08-20-at-08.31.15-2-750x561.jpeg 750w, https:\/\/vecinosdelinterior.com\/wp-content\/uploads\/2023\/08\/WhatsApp-Image-2023-08-20-at-08.31.15-2-1140x853.jpeg 1140w, https:\/\/vecinosdelinterior.com\/wp-content\/uploads\/2023\/08\/WhatsApp-Image-2023-08-20-at-08.31.15-2.jpeg 1160w\" sizes=\"(max-width: 1024px) 100vw, 1024px\" \/><\/figure>\n\n\n\n<p>El procedimiento fue realizado en las \u00faltimas horas, en un domicilio ubicado en calle Mercedes Am\u00e9rica P\u00e9rez, de la localidad.<\/p>\n\n\n\n<p>All\u00ed, demoraron a dos hombres de 36 y 33 a\u00f1os, y una mujer de 39.<\/p>\n\n\n\n<p>Los oficiales secuestraron: 19 envoltorios de coca\u00edna (269 gramos), 2 bolsas de nylon conteniendo en su interior 201 florescencia de cannabis sativa (marihuana), las que arrojaron un pesaje de 686 gramos, 68 semillas de cannabis sativa, 11 tel\u00e9fonos celulares, 2 balanzas digitales, la suma de $790.350 y 11 municiones.<\/p>\n\n\n\n<p>La sustancia incautada estar\u00eda valuada en $2.690.000 aproximadamente.<\/p>\n\n\n\n<p>Tambi\u00e9n secuestraron: un autom\u00f3vil Toyota Corolla, una motocicleta Honda Bross 150 cc, y una motocicleta Honda Tit\u00e1n 150 cc.<\/p>\n\n\n\n<p>Colabor\u00f3 personal de Polic\u00eda Ambiental, quien incaut\u00f3: 15 aves canoras en estados de cautiverios, 16 jaulas-tramperos y un trofeo de cabeza de jabal\u00ed.<\/p>\n\n\n\n<p>Los demorados fueron puestos a disposici\u00f3n del Juzgado Federal Villa Mercedes.<\/p>\n","protected":false},"excerpt":{"rendered":"<p>Efectivos de la Direcci\u00f3n General de Lucha Contra el Narcotr\u00e1fico, con asiento en Concar\u00e1n, realizaron un allanamiento y lograron la anulaci\u00f3n de dos centros de distribuci\u00f3n y comercializaci\u00f3n de sustancias de estupefacientes. La medida judicial fue ordenada por el Juzgado Federal Villa Mercedes. El procedimiento fue realizado en las \u00faltimas horas, en un domicilio ubicado [&hellip;]<\/p>\n","protected":false},"author":1,"featured_media":313,"comment_status":"open","ping_status":"open","sticky":false,"template":"","format":"standard","meta":{"footnotes":""},"categories":[29,31],"tags":[59,47,34],"class_list":["post-312","post","type-post","status-publish","format-standard","has-post-thumbnail","hentry","category-chacabuco","category-villa-del-carmen","tag-allanamiento","tag-droga","tag-villa-del-carmen"],"_links":{"self":[{"href":"https:\/\/vecinosdelinterior.com\/index.php\/wp-json\/wp\/v2\/posts\/312","targetHints":{"allow":["GET"]}}],"collection":[{"href":"https:\/\/vecinosdelinterior.com\/index.php\/wp-json\/wp\/v2\/posts"}],"about":[{"href":"https:\/\/vecinosdelinterior.com\/index.php\/wp-json\/wp\/v2\/types\/post"}],"author":[{"embeddable":true,"href":"https:\/\/vecinosdelinterior.com\/index.php\/wp-json\/wp\/v2\/users\/1"}],"replies":[{"embeddable":true,"href":"https:\/\/vecinosdelinterior.com\/index.php\/wp-json\/wp\/v2\/comments?post=312"}],"version-history":[{"count":1,"href":"https:\/\/vecinosdelinterior.com\/index.php\/wp-json\/wp\/v2\/posts\/312\/revisions"}],"predecessor-version":[{"id":314,"href":"https:\/\/vecinosdelinterior.com\/index.php\/wp-json\/wp\/v2\/posts\/312\/revisions\/314"}],"wp:featuredmedia":[{"embeddable":true,"href":"https:\/\/vecinosdelinterior.com\/index.php\/wp-json\/wp\/v2\/media\/313"}],"wp:attachment":[{"href":"https:\/\/vecinosdelinterior.com\/index.php\/wp-json\/wp\/v2\/media?parent=312"}],"wp:term":[{"taxonomy":"category","embeddable":true,"href":"https:\/\/vecinosdelinterior.com\/index.php\/wp-json\/wp\/v2\/categories?post=312"},{"taxonomy":"post_tag","embeddable":true,"href":"https:\/\/vecinosdelinterior.com\/index.php\/wp-json\/wp\/v2\/tags?post=312"}],"curies":[{"name":"wp","href":"https:\/\/api.w.org\/{rel}","templated":true}]}}