{"id":3138,"date":"2024-11-27T12:00:00","date_gmt":"2024-11-27T15:00:00","guid":{"rendered":"https:\/\/vecinosdelinterior.com\/?p=3138"},"modified":"2024-11-27T12:43:49","modified_gmt":"2024-11-27T15:43:49","slug":"cadetes-de-la-policia-y-penitenciarios-realizaron-dos-jornadas-de-formacion-profesional","status":"publish","type":"post","link":"https:\/\/vecinosdelinterior.com\/index.php\/2024\/11\/27\/cadetes-de-la-policia-y-penitenciarios-realizaron-dos-jornadas-de-formacion-profesional\/","title":{"rendered":"Cadetes de la Polic\u00eda y penitenciarios realizaron dos jornadas de formaci\u00f3n profesional"},"content":{"rendered":"\n<p><\/p>\n\n\n\n<p>La actividad se desarroll\u00f3 en La Carolina durante dos d\u00edas y la instituci\u00f3n recibi\u00f3 una pr\u00e1ctica muy importante para la preparaci\u00f3n del personal que ingresa al \u00faltimo a\u00f1o de estudio.<\/p>\n\n\n\n<p>El ministerio de Seguridad, a trav\u00e9s del Instituto Superior de Seguridad P\u00fablica \u2018Juan Pascual Pringles\u2019 (ISSP), reactiv\u00f3 las actividades de campamento y contacto con la naturaleza como parte de las Jornadas Institucionales de Formaci\u00f3n Profesional.<\/p>\n\n\n\n<p>Durante dos d\u00edas en La Carolina, los cadetes del segundo a\u00f1o de las tecnicaturas Policial y Penitenciaria realizaron ejercicios de patrullaje, convivencia y supervivencia, para consolidar su formaci\u00f3n integral.<\/p>\n\n\n\n<p>El pasado viernes 22 de noviembre la ministro de Seguridad, Nancy Sosa, acompa\u00f1ada de las autoridades del ISSP y funcionarios de su cartera le dieron la bienvenida a los cadetes que regresaron al edificio del Instituto, despu\u00e9s de las jornadas, lugar en donde se comparti\u00f3 un almuerzo de camarader\u00eda.<\/p>\n\n\n\n<p>De la experiencia participaron 48 cadetes, quienes ascendieron al cerro Tomolasta, con sus 2.100 metros sobre el nivel del mar, y realizaron actividades propias de campamento, como la preparaci\u00f3n de alimentos, organizaci\u00f3n de patrullas y ejercicios recreativos. \u201cEstas jornadas permiten a los cadetes fortalecer el esp\u00edritu de cuerpo y desarrollar habilidades esenciales para su futuro desempe\u00f1o profesional\u201d, afirm\u00f3 la adjutor principal Adriana Cadelago, instructora del ISSP y miembro del Servicio Penitenciario Provincial.<\/p>\n\n\n\n<p>La cadete de la Tecnicatura Policial, Camila Saida Gil, comparti\u00f3 su impresi\u00f3n sobre la actividad: \u201cFue una experiencia hermosa. Sub\u00ed varias veces al cerro con mi familia, pero esta vez, con mis compa\u00f1eros, aprend\u00ed mucho sobre trabajo en equipo y a acatar directivas, algo fundamental para mi carrera\u201d. Adem\u00e1s, destac\u00f3 el valor de haber trabajado junto a cadetes de la orientaci\u00f3n Penitenciaria, lo que permiti\u00f3 afianzar v\u00ednculos y fomentar la colaboraci\u00f3n entre especialidades.<\/p>\n\n\n\n<p>La cadete de la Tecnicatura Penitenciaria, Karen Caba\u00f1es, reflexion\u00f3 sobre su rol como l\u00edder de patrulla: \u201cAl principio fue desafiante, pero superamos las dificultades y aprendimos a trabajar juntos. El campamento nos ense\u00f1\u00f3 a compartir, a apoyarnos y a enfrentarnos a situaciones nuevas, como el ascenso al cerro y las actividades bajo la lluvia\u201d.<\/p>\n\n\n\n<p>Por su parte, el cadete de orientaci\u00f3n Policial, Rodrigo Escudero, destac\u00f3 la importancia de aplicar su formaci\u00f3n en primeros auxilios: \u201cAunque no hubo lesiones graves, atend\u00ed a varios compa\u00f1eros con calambres. Estas situaciones me ayudaron a poner en pr\u00e1ctica lo aprendido en el Instituto\u201d.<\/p>\n\n\n\n<p>La oficial instructora del ISSP, Jessica G\u00f3mez, subray\u00f3 la relevancia de esta experiencia, al expresar: \u201cEl campamento es clave para la preparaci\u00f3n de los cadetes, ya que les ense\u00f1a a desenvolverse en condiciones adversas. Estas habilidades son fundamentales tanto para la b\u00fasqueda de personas extraviadas en la Polic\u00eda como para el rastreo de internos fugados en el \u00e1mbito penitenciario\u201d.<\/p>\n","protected":false},"excerpt":{"rendered":"<p>La actividad se desarroll\u00f3 en La Carolina durante dos d\u00edas y la instituci\u00f3n recibi\u00f3 una pr\u00e1ctica muy importante para la preparaci\u00f3n del personal que ingresa al \u00faltimo a\u00f1o de estudio. El ministerio de Seguridad, a trav\u00e9s del Instituto Superior de Seguridad P\u00fablica \u2018Juan Pascual Pringles\u2019 (ISSP), reactiv\u00f3 las actividades de campamento y contacto con la [&hellip;]<\/p>\n","protected":false},"author":1,"featured_media":3139,"comment_status":"open","ping_status":"open","sticky":false,"template":"","format":"standard","meta":{"footnotes":""},"categories":[112,2],"tags":[213],"class_list":["post-3138","post","type-post","status-publish","format-standard","has-post-thumbnail","hentry","category-la-carolina","category-pringles","tag-policial"],"_links":{"self":[{"href":"https:\/\/vecinosdelinterior.com\/index.php\/wp-json\/wp\/v2\/posts\/3138","targetHints":{"allow":["GET"]}}],"collection":[{"href":"https:\/\/vecinosdelinterior.com\/index.php\/wp-json\/wp\/v2\/posts"}],"about":[{"href":"https:\/\/vecinosdelinterior.com\/index.php\/wp-json\/wp\/v2\/types\/post"}],"author":[{"embeddable":true,"href":"https:\/\/vecinosdelinterior.com\/index.php\/wp-json\/wp\/v2\/users\/1"}],"replies":[{"embeddable":true,"href":"https:\/\/vecinosdelinterior.com\/index.php\/wp-json\/wp\/v2\/comments?post=3138"}],"version-history":[{"count":1,"href":"https:\/\/vecinosdelinterior.com\/index.php\/wp-json\/wp\/v2\/posts\/3138\/revisions"}],"predecessor-version":[{"id":3140,"href":"https:\/\/vecinosdelinterior.com\/index.php\/wp-json\/wp\/v2\/posts\/3138\/revisions\/3140"}],"wp:featuredmedia":[{"embeddable":true,"href":"https:\/\/vecinosdelinterior.com\/index.php\/wp-json\/wp\/v2\/media\/3139"}],"wp:attachment":[{"href":"https:\/\/vecinosdelinterior.com\/index.php\/wp-json\/wp\/v2\/media?parent=3138"}],"wp:term":[{"taxonomy":"category","embeddable":true,"href":"https:\/\/vecinosdelinterior.com\/index.php\/wp-json\/wp\/v2\/categories?post=3138"},{"taxonomy":"post_tag","embeddable":true,"href":"https:\/\/vecinosdelinterior.com\/index.php\/wp-json\/wp\/v2\/tags?post=3138"}],"curies":[{"name":"wp","href":"https:\/\/api.w.org\/{rel}","templated":true}]}}