{"id":315,"date":"2023-08-20T13:03:30","date_gmt":"2023-08-20T16:03:30","guid":{"rendered":"https:\/\/vecinosdelinterior.com\/?p=315"},"modified":"2023-08-20T13:03:31","modified_gmt":"2023-08-20T16:03:31","slug":"suman-nuevas-obras-hidricas-para-las-familias-de-lujan","status":"publish","type":"post","link":"https:\/\/vecinosdelinterior.com\/index.php\/2023\/08\/20\/suman-nuevas-obras-hidricas-para-las-familias-de-lujan\/","title":{"rendered":"Suman nuevas obras h\u00eddricas para las familias de Luj\u00e1n"},"content":{"rendered":"\n<p>Pablo L\u00f3pez, intendente de la localidad, y Fernando Yanz\u00f3n, jefe del Programa Infraestructura H\u00eddrica, brindaron detalles sobre las obras que ya est\u00e1n en su etapa final, como as\u00ed tambi\u00e9n las que se estar\u00e1n iniciando en las pr\u00f3ximas semanas para llevarles mejor calidad de vida a los habitantes de la comuna norte\u00f1a.<\/p>\n\n\n\n<p>\u201cEstos \u00faltimos tres a\u00f1os en lo que respecta a materia h\u00eddrica se sufri\u00f3 bastante y provoc\u00f3 varios inconvenientes debido a la sequ\u00eda y es por esto que se decidi\u00f3 realizar obras paliativas para poder contar con el recurso que es el agua cruda para abastecer a los vecinos\u201d, explic\u00f3 Fernando Yanz\u00f3n.<\/p>\n\n\n\n<figure class=\"wp-block-gallery has-nested-images columns-default is-cropped wp-block-gallery-1 is-layout-flex wp-block-gallery-is-layout-flex\">\n<figure class=\"wp-block-image size-large\"><img fetchpriority=\"high\" decoding=\"async\" width=\"1024\" height=\"683\" data-id=\"316\" src=\"https:\/\/vecinosdelinterior.com\/wp-content\/uploads\/2023\/08\/DSC_2683-2048x1365-1-1024x683.jpg\" alt=\"\" class=\"wp-image-316\" srcset=\"https:\/\/vecinosdelinterior.com\/wp-content\/uploads\/2023\/08\/DSC_2683-2048x1365-1-1024x683.jpg 1024w, https:\/\/vecinosdelinterior.com\/wp-content\/uploads\/2023\/08\/DSC_2683-2048x1365-1-300x200.jpg 300w, https:\/\/vecinosdelinterior.com\/wp-content\/uploads\/2023\/08\/DSC_2683-2048x1365-1-768x512.jpg 768w, https:\/\/vecinosdelinterior.com\/wp-content\/uploads\/2023\/08\/DSC_2683-2048x1365-1-1536x1024.jpg 1536w, https:\/\/vecinosdelinterior.com\/wp-content\/uploads\/2023\/08\/DSC_2683-2048x1365-1-750x500.jpg 750w, https:\/\/vecinosdelinterior.com\/wp-content\/uploads\/2023\/08\/DSC_2683-2048x1365-1-1140x760.jpg 1140w, https:\/\/vecinosdelinterior.com\/wp-content\/uploads\/2023\/08\/DSC_2683-2048x1365-1.jpg 2048w\" sizes=\"(max-width: 1024px) 100vw, 1024px\" \/><\/figure>\n<\/figure>\n\n\n\n<p>Ya se finaliz\u00f3 la obra de la perforaci\u00f3n en la plaza principal de la localidad, que incluy\u00f3 la puesta en funcionamiento, colocaci\u00f3n de un tanque elevado y una conexi\u00f3n desde esa perforaci\u00f3n -de 100 metros de profundidad- hacia la red de distribuci\u00f3n del pueblo. \u201cEst\u00e1 entregando alrededor de 25 mil litros de agua por hora, lo cual es un impacto muy importante en lo que es materia h\u00eddrica en la poblaci\u00f3n\u201d, manifest\u00f3 el funcionario provincial.<\/p>\n\n\n\n<p>Por su parte, el intendente celebr\u00f3 esta nueva obra concluida: \u201cEs un gran d\u00eda para nuestro querido pueblo de Luj\u00e1n, estamos finalizando la gran obra de perforaci\u00f3n en la Plaza Mitre\u201d.<\/p>\n\n\n\n<p><strong>M\u00e1s obras h\u00eddricas<\/strong><\/p>\n\n\n\n<p>Por otra parte, el Gobierno provincial tambi\u00e9n trabaja en una perforaci\u00f3n en el paraje El Peje, a la altura de Ruta 20, a 400 metros hacia el lado del sector oeste. \u201cEs una obra importante para la localidad, que ya cuenta con dos perforaciones, lo que va a abastecer de agua cruda a los habitantes\u201d, explic\u00f3 Yanz\u00f3n.<\/p>\n\n\n\n<p>Con respecto a la \u00e9poca de lluvia, se est\u00e1 trabajando en lo que son las defensas y encauzamiento de r\u00edos. Se encuentra en su etapa final la obra sobre el r\u00edo Higuerita, que se ha convertido en una defensa muy importante para seguir protegiendo y defendiendo a la localidad.<\/p>\n\n\n\n<p>\u201cTambi\u00e9n se va a comenzar a trabajar en dos puntos muy importantes del r\u00edo Luj\u00e1n haciendo encauzamiento y defensa; lo que incluye gaviones de desv\u00edo de agua y protecciones importantes. Con esto vamos a proteger el barrio 42 Viviendas. Esta obra es sumamente importante para dar tranquilidad en el verano y en los meses de lluvia\u201d, coment\u00f3 el jefe de Infraestructura H\u00eddrica.<\/p>\n\n\n\n<p>Otra obra de relevancia es la que incluye el encauzamiento, desag\u00fces pluviales y el camino de ingreso para el barrio San Cayetano, ubicado en la Ruta 20 hacia el sector este.<\/p>\n\n\n\n<p>\u201cTodas son acciones muy importantes que est\u00e1 realizando el Gobierno de la provincia, no solamente en materia h\u00eddrica para el abastecimiento de agua cruda, sino tambi\u00e9n en defensas para la tranquilidad de los vecinos\u201d, concluy\u00f3 Yanz\u00f3n.<\/p>\n","protected":false},"excerpt":{"rendered":"<p>Pablo L\u00f3pez, intendente de la localidad, y Fernando Yanz\u00f3n, jefe del Programa Infraestructura H\u00eddrica, brindaron detalles sobre las obras que ya est\u00e1n en su etapa final, como as\u00ed tambi\u00e9n las que se estar\u00e1n iniciando en las pr\u00f3ximas semanas para llevarles mejor calidad de vida a los habitantes de la comuna norte\u00f1a. \u201cEstos \u00faltimos tres a\u00f1os [&hellip;]<\/p>\n","protected":false},"author":1,"featured_media":317,"comment_status":"open","ping_status":"open","sticky":false,"template":"","format":"standard","meta":{"footnotes":""},"categories":[8,36],"tags":[],"class_list":["post-315","post","type-post","status-publish","format-standard","has-post-thumbnail","hentry","category-ayacucho","category-lujan"],"_links":{"self":[{"href":"https:\/\/vecinosdelinterior.com\/index.php\/wp-json\/wp\/v2\/posts\/315","targetHints":{"allow":["GET"]}}],"collection":[{"href":"https:\/\/vecinosdelinterior.com\/index.php\/wp-json\/wp\/v2\/posts"}],"about":[{"href":"https:\/\/vecinosdelinterior.com\/index.php\/wp-json\/wp\/v2\/types\/post"}],"author":[{"embeddable":true,"href":"https:\/\/vecinosdelinterior.com\/index.php\/wp-json\/wp\/v2\/users\/1"}],"replies":[{"embeddable":true,"href":"https:\/\/vecinosdelinterior.com\/index.php\/wp-json\/wp\/v2\/comments?post=315"}],"version-history":[{"count":1,"href":"https:\/\/vecinosdelinterior.com\/index.php\/wp-json\/wp\/v2\/posts\/315\/revisions"}],"predecessor-version":[{"id":318,"href":"https:\/\/vecinosdelinterior.com\/index.php\/wp-json\/wp\/v2\/posts\/315\/revisions\/318"}],"wp:featuredmedia":[{"embeddable":true,"href":"https:\/\/vecinosdelinterior.com\/index.php\/wp-json\/wp\/v2\/media\/317"}],"wp:attachment":[{"href":"https:\/\/vecinosdelinterior.com\/index.php\/wp-json\/wp\/v2\/media?parent=315"}],"wp:term":[{"taxonomy":"category","embeddable":true,"href":"https:\/\/vecinosdelinterior.com\/index.php\/wp-json\/wp\/v2\/categories?post=315"},{"taxonomy":"post_tag","embeddable":true,"href":"https:\/\/vecinosdelinterior.com\/index.php\/wp-json\/wp\/v2\/tags?post=315"}],"curies":[{"name":"wp","href":"https:\/\/api.w.org\/{rel}","templated":true}]}}