{"id":3168,"date":"2024-12-02T11:07:00","date_gmt":"2024-12-02T14:07:00","guid":{"rendered":"https:\/\/vecinosdelinterior.com\/?p=3168"},"modified":"2024-12-02T15:09:01","modified_gmt":"2024-12-02T18:09:01","slug":"saladillo-la-escuela-juan-agustin-ortiz-estrada-celebro-sus-170-anos-de-vida","status":"publish","type":"post","link":"https:\/\/vecinosdelinterior.com\/index.php\/2024\/12\/02\/saladillo-la-escuela-juan-agustin-ortiz-estrada-celebro-sus-170-anos-de-vida\/","title":{"rendered":"Saladillo: La escuela \u2018Juan Agust\u00edn Ortiz Estrada\u2019 celebr\u00f3 sus 170 a\u00f1os de vida"},"content":{"rendered":"\n<p>En un emotivo ambiente, alumnos, familias, docentes en actividad y jubilados, junto a otros invitados, se reunieron para conmemorar un nuevo aniversario de la instituci\u00f3n escolar.<br>El 27 de noviembre, la escuela N\u00b0113 \u2018Juan Agust\u00edn Ortiz Estrada\u2019, ubicada en el departamento Coronel Pringles, cumpli\u00f3 170 a\u00f1os de historia y compromiso con la formaci\u00f3n de diferentes generaciones de estudiantes.<\/p>\n\n\n\n<figure class=\"wp-block-image size-large\"><img fetchpriority=\"high\" decoding=\"async\" width=\"1024\" height=\"682\" src=\"https:\/\/vecinosdelinterior.com\/wp-content\/uploads\/2024\/12\/esc3-1-1024x682.jpg\" alt=\"\" class=\"wp-image-3169\" srcset=\"https:\/\/vecinosdelinterior.com\/wp-content\/uploads\/2024\/12\/esc3-1-1024x682.jpg 1024w, https:\/\/vecinosdelinterior.com\/wp-content\/uploads\/2024\/12\/esc3-1-300x200.jpg 300w, https:\/\/vecinosdelinterior.com\/wp-content\/uploads\/2024\/12\/esc3-1-768x512.jpg 768w, https:\/\/vecinosdelinterior.com\/wp-content\/uploads\/2024\/12\/esc3-1-750x500.jpg 750w, https:\/\/vecinosdelinterior.com\/wp-content\/uploads\/2024\/12\/esc3-1-1140x760.jpg 1140w, https:\/\/vecinosdelinterior.com\/wp-content\/uploads\/2024\/12\/esc3-1.jpg 1280w\" sizes=\"(max-width: 1024px) 100vw, 1024px\" \/><\/figure>\n\n\n\n<p><br>Los festejos contaron con la presencia de directivos, docentes, alumnos, familias y miembros de la Asociaci\u00f3n de Veteranos de Malvinas, quienes viajaron desde distintos puntos del pa\u00eds para acompa\u00f1ar la celebraci\u00f3n.<br>La directora de Comunidad Educativa, Celeste Aparicio, represent\u00f3 al ministerio de Educaci\u00f3n durante la actividad y destac\u00f3 la importancia de acompa\u00f1ar a las instituciones en estos momentos tan importantes.<br>La musicalizaci\u00f3n del evento estuvo a cargo de la Banda de la Polic\u00eda de la Provincia que cant\u00f3 el feliz cumplea\u00f1os y tambi\u00e9n hubo entrega de reconocimientos y certificados a docentes jubilados.<br>Entre aplausos y sonrisas, vivieron uno de los momentos m\u00e1s significativos cuando se descubri\u00f3 una placa conmemorativa que celebr\u00f3 los 170 a\u00f1os de la instituci\u00f3n reflejando los valores que d\u00eda a d\u00eda se inculcan en sus alumnos.<\/p>\n","protected":false},"excerpt":{"rendered":"<p>En un emotivo ambiente, alumnos, familias, docentes en actividad y jubilados, junto a otros invitados, se reunieron para conmemorar un nuevo aniversario de la instituci\u00f3n escolar.El 27 de noviembre, la escuela N\u00b0113 \u2018Juan Agust\u00edn Ortiz Estrada\u2019, ubicada en el departamento Coronel Pringles, cumpli\u00f3 170 a\u00f1os de historia y compromiso con la formaci\u00f3n de diferentes generaciones [&hellip;]<\/p>\n","protected":false},"author":1,"featured_media":3169,"comment_status":"open","ping_status":"open","sticky":false,"template":"","format":"standard","meta":{"footnotes":""},"categories":[1],"tags":[],"class_list":["post-3168","post","type-post","status-publish","format-standard","has-post-thumbnail","hentry","category-blog"],"_links":{"self":[{"href":"https:\/\/vecinosdelinterior.com\/index.php\/wp-json\/wp\/v2\/posts\/3168","targetHints":{"allow":["GET"]}}],"collection":[{"href":"https:\/\/vecinosdelinterior.com\/index.php\/wp-json\/wp\/v2\/posts"}],"about":[{"href":"https:\/\/vecinosdelinterior.com\/index.php\/wp-json\/wp\/v2\/types\/post"}],"author":[{"embeddable":true,"href":"https:\/\/vecinosdelinterior.com\/index.php\/wp-json\/wp\/v2\/users\/1"}],"replies":[{"embeddable":true,"href":"https:\/\/vecinosdelinterior.com\/index.php\/wp-json\/wp\/v2\/comments?post=3168"}],"version-history":[{"count":1,"href":"https:\/\/vecinosdelinterior.com\/index.php\/wp-json\/wp\/v2\/posts\/3168\/revisions"}],"predecessor-version":[{"id":3170,"href":"https:\/\/vecinosdelinterior.com\/index.php\/wp-json\/wp\/v2\/posts\/3168\/revisions\/3170"}],"wp:featuredmedia":[{"embeddable":true,"href":"https:\/\/vecinosdelinterior.com\/index.php\/wp-json\/wp\/v2\/media\/3169"}],"wp:attachment":[{"href":"https:\/\/vecinosdelinterior.com\/index.php\/wp-json\/wp\/v2\/media?parent=3168"}],"wp:term":[{"taxonomy":"category","embeddable":true,"href":"https:\/\/vecinosdelinterior.com\/index.php\/wp-json\/wp\/v2\/categories?post=3168"},{"taxonomy":"post_tag","embeddable":true,"href":"https:\/\/vecinosdelinterior.com\/index.php\/wp-json\/wp\/v2\/tags?post=3168"}],"curies":[{"name":"wp","href":"https:\/\/api.w.org\/{rel}","templated":true}]}}